{"id":2784,"date":"2022-05-13T16:51:02","date_gmt":"2022-05-13T14:51:02","guid":{"rendered":"https:\/\/ukraine.hia.hu\/our-work-enters-a-new-phase-with-the-opening-of-kyiv-humanitarian-centre\/"},"modified":"2022-05-17T11:35:37","modified_gmt":"2022-05-17T09:35:37","slug":"our-work-enters-a-new-phase-with-the-opening-of-kyiv-humanitarian-centre","status":"publish","type":"post","link":"https:\/\/ukraine.hia.hu\/hu\/our-work-enters-a-new-phase-with-the-opening-of-kyiv-humanitarian-centre\/","title":{"rendered":"\u00daj szakaszba l\u00e9p az \u00d6kumenikus Seg\u00e9lyszervezet ukrajnai seg\u00e9lyprogramja"},"content":{"rendered":"\t\t<div data-elementor-type=\"wp-post\" data-elementor-id=\"2784\" class=\"elementor elementor-2784 elementor-2744\">\n\t\t\t\t\t\t<section class=\"elementor-section elementor-top-section elementor-element elementor-element-fcd195e elementor-section-boxed elementor-section-height-default elementor-section-height-default\" data-id=\"fcd195e\" data-element_type=\"section\">\n\t\t\t\t\t\t<div class=\"elementor-container elementor-column-gap-default\">\n\t\t\t\t\t<div class=\"elementor-column elementor-col-100 elementor-top-column elementor-element elementor-element-4fe47b4\" data-id=\"4fe47b4\" data-element_type=\"column\">\n\t\t\t<div class=\"elementor-widget-wrap elementor-element-populated\">\n\t\t\t\t\t\t<div class=\"elementor-element elementor-element-a5b82e2 elementor-widget elementor-widget-heading\" data-id=\"a5b82e2\" data-element_type=\"widget\" data-widget_type=\"heading.default\">\n\t\t\t\t<div class=\"elementor-widget-container\">\n\t\t\t<style>\/*! elementor - v3.20.0 - 13-03-2024 *\/\n.elementor-heading-title{padding:0;margin:0;line-height:1}.elementor-widget-heading .elementor-heading-title[class*=elementor-size-]>a{color:inherit;font-size:inherit;line-height:inherit}.elementor-widget-heading .elementor-heading-title.elementor-size-small{font-size:15px}.elementor-widget-heading .elementor-heading-title.elementor-size-medium{font-size:19px}.elementor-widget-heading .elementor-heading-title.elementor-size-large{font-size:29px}.elementor-widget-heading .elementor-heading-title.elementor-size-xl{font-size:39px}.elementor-widget-heading .elementor-heading-title.elementor-size-xxl{font-size:59px}<\/style><h4 class=\"elementor-heading-title elementor-size-default\">EGY\u00dcTTM\u0170K\u00d6D\u00c9SI MEG\u00c1LLAPOD\u00c1ST \u00cdRTAK AL\u00c1 A K\u00d6Z\u00d6S UKRAJNAI SZEREPV\u00c1LLAL\u00c1SR\u00d3L \nA FINN CHURCH AID \u00c9S AZ \u00d6KUMENIKUS SEG\u00c9LYSZERVEZET VEZET\u0150I BUDAPESTEN\n<\/h4>\t\t<\/div>\n\t\t\t\t<\/div>\n\t\t\t\t\t<\/div>\n\t\t<\/div>\n\t\t\t\t\t<\/div>\n\t\t<\/section>\n\t\t\t\t<section class=\"elementor-section elementor-top-section elementor-element elementor-element-8bf18d2 elementor-section-boxed elementor-section-height-default elementor-section-height-default\" data-id=\"8bf18d2\" data-element_type=\"section\">\n\t\t\t\t\t\t<div class=\"elementor-container elementor-column-gap-default\">\n\t\t\t\t\t<div class=\"elementor-column elementor-col-100 elementor-top-column elementor-element elementor-element-f168f82\" data-id=\"f168f82\" data-element_type=\"column\">\n\t\t\t<div class=\"elementor-widget-wrap elementor-element-populated\">\n\t\t\t\t\t\t<div class=\"elementor-element elementor-element-e8183b2 elementor-widget elementor-widget-text-editor\" data-id=\"e8183b2\" data-element_type=\"widget\" data-widget_type=\"text-editor.default\">\n\t\t\t\t<div class=\"elementor-widget-container\">\n\t\t\t<style>\/*! elementor - v3.20.0 - 13-03-2024 *\/\n.elementor-widget-text-editor.elementor-drop-cap-view-stacked .elementor-drop-cap{background-color:#69727d;color:#fff}.elementor-widget-text-editor.elementor-drop-cap-view-framed .elementor-drop-cap{color:#69727d;border:3px solid;background-color:transparent}.elementor-widget-text-editor:not(.elementor-drop-cap-view-default) .elementor-drop-cap{margin-top:8px}.elementor-widget-text-editor:not(.elementor-drop-cap-view-default) .elementor-drop-cap-letter{width:1em;height:1em}.elementor-widget-text-editor .elementor-drop-cap{float:left;text-align:center;line-height:1;font-size:50px}.elementor-widget-text-editor .elementor-drop-cap-letter{display:inline-block}<\/style>\t\t\t\t<p>Beregsz\u00e1sz \u00e9s Lemberg ut\u00e1n Kijevben nyitja meg harmadik ukrajnai irod\u00e1j\u00e1t az \u00d6kumenikus Seg\u00e9lyszervezet. A k\u00f6zpont a magyar seg\u00e9lyszervezet munk\u00e1ja mellett helyet ad az ACT Alliance Ukrajn\u00e1ban szerepet v\u00e1llal\u00f3 tagszervezeteinek is. A k\u00f6zponthoz els\u0151k\u00e9nt a nagy m\u00falt\u00fa, oktat\u00e1si ter\u00fcleten nemzetk\u00f6zi szinten is vezet\u0151 szak\u00e9rtelemmel rendelkez\u0151 finn seg\u00e9lyszervezet, a Finn Church Aid csatlakozik, melynek \u00fcgyvezet\u0151 igazgat\u00f3ja, <strong>Jouni Hemberg<\/strong> az elm\u00falt napokban az \u00d6kumenikus Seg\u00e9lyszervezet k\u00fcld\u00f6tts\u00e9g\u00e9vel Ukrajn\u00e1ban j\u00e1rt, Budapestre visszat\u00e9rve pedig egy\u00fcttm\u0171k\u00f6d\u00e9si meg\u00e1llapod\u00e1st \u00edrt al\u00e1 <strong>Lehel L\u00e1szl\u00f3val<\/strong>, a Magyar \u00d6kumenikus Seg\u00e9lyszervezet eln\u00f6k-igazgat\u00f3j\u00e1val. A rendezv\u00e9nyen r\u00e9szt vett <strong>L\u00e9vai Anik\u00f3<\/strong>, az \u00d6kumenikus Seg\u00e9lyszervezet j\u00f3szolg\u00e1lati nagyk\u00f6vete is.\u00a0<\/p><p>A m\u00e1jus 13-\u00e1n, p\u00e9nteken tartott budapesti sajt\u00f3t\u00e1j\u00e9koztat\u00f3 keret\u00e9ben a k\u00e9t szervezet vezet\u0151je besz\u00e1molt a magyar \u00e9s nemzetk\u00f6zi \u00f6sszefog\u00e1ssal megval\u00f3sul\u00f3 seg\u00e9lyprogram k\u00f6vetkez\u0151 szakasz\u00e1r\u00f3l.<\/p>\t\t\t\t\t\t<\/div>\n\t\t\t\t<\/div>\n\t\t\t\t\t<\/div>\n\t\t<\/div>\n\t\t\t\t\t<\/div>\n\t\t<\/section>\n\t\t\t\t<section class=\"elementor-section elementor-top-section elementor-element elementor-element-36ab617 elementor-section-boxed elementor-section-height-default elementor-section-height-default\" data-id=\"36ab617\" data-element_type=\"section\">\n\t\t\t\t\t\t<div class=\"elementor-container elementor-column-gap-default\">\n\t\t\t\t\t<div class=\"elementor-column elementor-col-100 elementor-top-column elementor-element elementor-element-56710ef\" data-id=\"56710ef\" data-element_type=\"column\">\n\t\t\t<div class=\"elementor-widget-wrap elementor-element-populated\">\n\t\t\t\t\t\t<section class=\"elementor-section elementor-inner-section elementor-element elementor-element-140f626 elementor-section-boxed elementor-section-height-default elementor-section-height-default\" data-id=\"140f626\" data-element_type=\"section\">\n\t\t\t\t\t\t<div class=\"elementor-container elementor-column-gap-default\">\n\t\t\t\t\t<div class=\"elementor-column elementor-col-50 elementor-inner-column elementor-element elementor-element-d0fe107\" data-id=\"d0fe107\" data-element_type=\"column\">\n\t\t\t<div class=\"elementor-widget-wrap elementor-element-populated\">\n\t\t\t\t\t\t<div class=\"elementor-element elementor-element-b992694 elementor-widget elementor-widget-testimonial\" data-id=\"b992694\" data-element_type=\"widget\" data-widget_type=\"testimonial.default\">\n\t\t\t\t<div class=\"elementor-widget-container\">\n\t\t\t<style>\/*! elementor - v3.20.0 - 13-03-2024 *\/\n.elementor-testimonial-wrapper{overflow:hidden;text-align:center}.elementor-testimonial-wrapper .elementor-testimonial-content{font-size:1.3em;margin-bottom:20px}.elementor-testimonial-wrapper .elementor-testimonial-name{line-height:1.5;display:block}.elementor-testimonial-wrapper .elementor-testimonial-job{font-size:.85em;display:block}.elementor-testimonial-wrapper .elementor-testimonial-meta{width:100%;line-height:1}.elementor-testimonial-wrapper .elementor-testimonial-meta-inner{display:inline-block}.elementor-testimonial-wrapper .elementor-testimonial-meta .elementor-testimonial-details,.elementor-testimonial-wrapper .elementor-testimonial-meta .elementor-testimonial-image{display:table-cell;vertical-align:middle}.elementor-testimonial-wrapper .elementor-testimonial-meta .elementor-testimonial-image img{width:60px;height:60px;border-radius:50%;-o-object-fit:cover;object-fit:cover;max-width:none}.elementor-testimonial-wrapper .elementor-testimonial-meta.elementor-testimonial-image-position-aside .elementor-testimonial-image{padding-right:15px}.elementor-testimonial-wrapper .elementor-testimonial-meta.elementor-testimonial-image-position-aside .elementor-testimonial-details{text-align:left}.elementor-testimonial-wrapper .elementor-testimonial-meta.elementor-testimonial-image-position-top .elementor-testimonial-details,.elementor-testimonial-wrapper .elementor-testimonial-meta.elementor-testimonial-image-position-top .elementor-testimonial-image{display:block}.elementor-testimonial-wrapper .elementor-testimonial-meta.elementor-testimonial-image-position-top .elementor-testimonial-image{margin-bottom:20px}<\/style>\t\t<div class=\"elementor-testimonial-wrapper\">\n\t\t\t\t\t\t\t<div class=\"elementor-testimonial-content\"><i>\"Nagyon \u00f6r\u00fcl\u00f6k az egy\u00fcttm\u0171k\u00f6d\u00e9s elm\u00e9ly\u00fcl\u00e9s\u00e9nek magyar testv\u00e9rszervezet\u00fcnkkel, az \u00d6kumenikus Seg\u00e9lyszervezettel, hiszen \u00edgy m\u00e1r egy ukrajnai jelenl\u00e9ttel rendelkez\u0151, ott \u00e9vtizedes munkatapasztalattal b\u00edr\u00f3 szervezet munk\u00e1j\u00e1ba tudtunk becsatlakozni. Ennek k\u00f6sz\u00f6nhet\u0151en azonnal el tudjuk kezdeni a k\u00f6z\u00f6s munk\u00e1t, az oktat\u00e1sra \u00f6sszpontos\u00edtva. Iskol\u00e1k fel\u00faj\u00edt\u00e1s\u00e1val, pedag\u00f3gusk\u00e9pz\u00e9ssel, di\u00e1kok h\u00e1bor\u00fas traum\u00e1inak feldolgoz\u00e1s\u00e1val szeretn\u00e9nk kezdeni a seg\u00edts\u00e9gny\u00fajt\u00e1st - eljutva Ukrajna \u00e9szaki r\u00e9sz\u00e9re is, ahol a harcok miatt eddig a humanit\u00e1rius tev\u00e9kenys\u00e9get nem lehetett folytatni.\"<\/i><\/div>\n\t\t\t\n\t\t\t\t\t\t<div class=\"elementor-testimonial-meta elementor-has-image elementor-testimonial-image-position-aside\">\n\t\t\t\t<div class=\"elementor-testimonial-meta-inner\">\n\t\t\t\t\t\t\t\t\t\t\t<div class=\"elementor-testimonial-image\">\n\t\t\t\t\t\t\t<img decoding=\"async\" width=\"157\" height=\"175\" src=\"https:\/\/ukraine.hia.hu\/wp-content\/uploads\/Kepernyokep-2022-05-16-175459.jpg\" class=\"attachment-full size-full wp-image-2777\" alt=\"\" \/>\t\t\t\t\t\t<\/div>\n\t\t\t\t\t\n\t\t\t\t\t\t\t\t\t\t<div class=\"elementor-testimonial-details\">\n\t\t\t\t\t\t\t\t\t\t\t\t\t\t<div class=\"elementor-testimonial-name\">Jouni Hemberg<\/div>\n\t\t\t\t\t\t\t\t\t\t\t\t\t\t\t\t\t\t\t\t\t\t<div class=\"elementor-testimonial-job\">\u00fcgyvezet\u0151 igazgat\u00f3<br>Finn Church Aid<\/div>\n\t\t\t\t\t\t\t\t\t\t\t\t\t<\/div>\n\t\t\t\t\t\t\t\t\t<\/div>\n\t\t\t<\/div>\n\t\t\t\t\t<\/div>\n\t\t\t\t<\/div>\n\t\t\t\t<\/div>\n\t\t\t\t\t<\/div>\n\t\t<\/div>\n\t\t\t\t<div class=\"elementor-column elementor-col-50 elementor-inner-column elementor-element elementor-element-6dcc355\" data-id=\"6dcc355\" data-element_type=\"column\">\n\t\t\t<div class=\"elementor-widget-wrap elementor-element-populated\">\n\t\t\t\t\t\t<div class=\"elementor-element elementor-element-14e6b86 elementor-widget elementor-widget-testimonial\" data-id=\"14e6b86\" data-element_type=\"widget\" data-widget_type=\"testimonial.default\">\n\t\t\t\t<div class=\"elementor-widget-container\">\n\t\t\t\t\t<div class=\"elementor-testimonial-wrapper\">\n\t\t\t\t\t\t\t<div class=\"elementor-testimonial-content\"><i>\"M\u00e1ra az Ukrajn\u00e1t elhagy\u00f3 menek\u00fcltek sz\u00e1ma el\u00e9ri a 6 milli\u00f3t, orsz\u00e1gon bel\u00fcl pedig 8 milli\u00f3 ember keresett \u00e1tmeneti mened\u00e9ket a h\u00e1bor\u00fa el\u0151l. Az \u00d6kumenikus Seg\u00e9lyszervezet Magyarorsz\u00e1g legnagyobb humanit\u00e1rius seg\u00e9lyprogramj\u00e1nak v\u00e9grehajt\u00f3jak\u00e9nt, illetve az ACT Alliance nemzetk\u00f6zi \u00f6sszefog\u00e1ssal megval\u00f3sul\u00f3 seg\u00e9lyprogramj\u00e1nak vezet\u0151jek\u00e9nt eddig 225 k\u00e1rp\u00e1taljai, t\u00f6bbek k\u00f6z\u00f6tt iskol\u00e1kb\u00f3l, m\u0171vel\u0151d\u00e9si h\u00e1zakb\u00f3l kialak\u00edtott  menek\u00fcltsz\u00e1ll\u00f3t t\u00e1mogat, Ukrajna tov\u00e1bbi r\u00e9gi\u00f3iban pedig lembergi k\u00f6zpontj\u00e1n kereszt\u00fcl seg\u00edt. Eddig k\u00f6zel 100.000 embert l\u00e1ttunk el \u00e9lelmiszerrel, higi\u00e9ni\u00e1s eszk\u00f6z\u00f6kkel, gy\u00f3gyszerrel, pszichoszoci\u00e1lis t\u00e1mogat\u00e1ssal, valamint \u00e1tmeneti sz\u00e1ll\u00e1ssal. Az \u00faj k\u00f6zponttal a humanit\u00e1rius gyorsseg\u00e9lyez\u00e9s mellett imm\u00e1r a visszatelep\u00fcl\u00e9st \u00e9s az \u00fajj\u00e1\u00e9p\u00edt\u00e9st seg\u00edt\u0151 hossz\u00fa t\u00e1v\u00fa seg\u00e9lyprogramok ker\u00fclnek el\u0151t\u00e9rbe.\"<\/i><\/div>\n\t\t\t\n\t\t\t\t\t\t<div class=\"elementor-testimonial-meta elementor-has-image elementor-testimonial-image-position-aside\">\n\t\t\t\t<div class=\"elementor-testimonial-meta-inner\">\n\t\t\t\t\t\t\t\t\t\t\t<div class=\"elementor-testimonial-image\">\n\t\t\t\t\t\t\t<img decoding=\"async\" width=\"153\" height=\"178\" src=\"https:\/\/ukraine.hia.hu\/wp-content\/uploads\/Kepernyokep-2022-05-16-170210.jpg\" class=\"attachment-full size-full wp-image-2750\" alt=\"\" \/>\t\t\t\t\t\t<\/div>\n\t\t\t\t\t\n\t\t\t\t\t\t\t\t\t\t<div class=\"elementor-testimonial-details\">\n\t\t\t\t\t\t\t\t\t\t\t\t\t\t<div class=\"elementor-testimonial-name\">Lehel L\u00e1szl\u00f3<\/div>\n\t\t\t\t\t\t\t\t\t\t\t\t\t\t\t\t\t\t\t\t\t\t<div class=\"elementor-testimonial-job\">eln\u00f6k-igazgat\u00f3\n\u00d6kumenikus Seg\u00e9lyszervezet<\/div>\n\t\t\t\t\t\t\t\t\t\t\t\t\t<\/div>\n\t\t\t\t\t\t\t\t\t<\/div>\n\t\t\t<\/div>\n\t\t\t\t\t<\/div>\n\t\t\t\t<\/div>\n\t\t\t\t<\/div>\n\t\t\t\t\t<\/div>\n\t\t<\/div>\n\t\t\t\t\t<\/div>\n\t\t<\/section>\n\t\t\t\t\t<\/div>\n\t\t<\/div>\n\t\t\t\t\t<\/div>\n\t\t<\/section>\n\t\t\t\t<section class=\"elementor-section elementor-top-section elementor-element elementor-element-8227bc9 elementor-section-boxed elementor-section-height-default elementor-section-height-default\" data-id=\"8227bc9\" data-element_type=\"section\">\n\t\t\t\t\t\t<div class=\"elementor-container elementor-column-gap-default\">\n\t\t\t\t\t<div class=\"elementor-column elementor-col-100 elementor-top-column elementor-element elementor-element-924f9e1\" data-id=\"924f9e1\" data-element_type=\"column\">\n\t\t\t<div class=\"elementor-widget-wrap elementor-element-populated\">\n\t\t\t\t\t\t<div class=\"elementor-element elementor-element-eb1a45f elementor-widget elementor-widget-text-editor\" data-id=\"eb1a45f\" data-element_type=\"widget\" data-widget_type=\"text-editor.default\">\n\t\t\t\t<div class=\"elementor-widget-container\">\n\t\t\t\t\t\t\t<p>Jouni Hemberg \u00e9s Lehel L\u00e1szl\u00f3 egyar\u00e1nt hangs\u00falyozt\u00e1k, hogy ez az egy\u00fcttm\u0171k\u00f6d\u00e9s az <b>ACT Alliance keret\u00e9ben val\u00f3sul meg<\/b>, \u00e9s v\u00e1rj\u00e1k, hogy az Ukrajn\u00e1ban m\u0171k\u00f6d\u0151 tov\u00e1bbi tagszervezetek is csatlakozzanak ehhez a szoros egy\u00fcttm\u0171k\u00f6d\u00e9shez.<br><\/p>\t\t\t\t\t\t<\/div>\n\t\t\t\t<\/div>\n\t\t\t\t\t<\/div>\n\t\t<\/div>\n\t\t\t\t\t<\/div>\n\t\t<\/section>\n\t\t\t\t<\/div>\n\t\t","protected":false},"excerpt":{"rendered":"<p>EGY\u00dcTTM\u0170K\u00d6D\u00c9SI MEG\u00c1LLAPOD\u00c1ST \u00cdRTAK AL\u00c1 A K\u00d6Z\u00d6S UKRAJNAI SZEREPV\u00c1LLAL\u00c1SR\u00d3L A FINN CHURCH AID \u00c9S AZ \u00d6KUMENIKUS SEG\u00c9LYSZERVEZET VEZET\u0150I BUDAPESTEN Beregsz\u00e1sz \u00e9s Lemberg ut\u00e1n Kijevben nyitja meg harmadik ukrajnai irod\u00e1j\u00e1t az \u00d6kumenikus Seg\u00e9lyszervezet. A k\u00f6zpont a magyar seg\u00e9lyszervezet munk\u00e1ja mellett helyet ad az ACT Alliance Ukrajn\u00e1ban szerepet v\u00e1llal\u00f3 tagszervezeteinek is. A k\u00f6zponthoz els\u0151k\u00e9nt a nagy m\u00falt\u00fa, oktat\u00e1si&#8230;<\/p>\n","protected":false},"author":1,"featured_media":2765,"comment_status":"open","ping_status":"open","sticky":false,"template":"","format":"standard","meta":{"_acf_changed":false,"_kad_post_transparent":"default","_kad_post_title":"default","_kad_post_layout":"default","_kad_post_sidebar_id":"","_kad_post_content_style":"default","_kad_post_vertical_padding":"default","_kad_post_feature":"","_kad_post_feature_position":"","_kad_post_header":false,"_kad_post_footer":false,"footnotes":"","_wp_rev_ctl_limit":""},"categories":[5],"tags":[43],"acf":[],"yoast_head":"<!-- This site is optimized with the Yoast SEO plugin v22.2 - https:\/\/yoast.com\/wordpress\/plugins\/seo\/ -->\n<title>\u00daj szakaszba l\u00e9p az \u00d6kumenikus Seg\u00e9lyszervezet ukrajnai seg\u00e9lyprogramja | Az \u00d6kumenikus Seg\u00e9lyszervezet Ukrajn\u00e1ban<\/title>\n<meta name=\"robots\" content=\"index, follow, max-snippet:-1, max-image-preview:large, max-video-preview:-1\" \/>\n<link rel=\"canonical\" href=\"https:\/\/ukraine.hia.hu\/hu\/our-work-enters-a-new-phase-with-the-opening-of-kyiv-humanitarian-centre\/\" \/>\n<meta property=\"og:locale\" content=\"hu_HU\" \/>\n<meta property=\"og:type\" content=\"article\" \/>\n<meta property=\"og:title\" content=\"\u00daj szakaszba l\u00e9p az \u00d6kumenikus Seg\u00e9lyszervezet ukrajnai seg\u00e9lyprogramja | Az \u00d6kumenikus Seg\u00e9lyszervezet Ukrajn\u00e1ban\" \/>\n<meta property=\"og:description\" content=\"EGY\u00dcTTM\u0170K\u00d6D\u00c9SI MEG\u00c1LLAPOD\u00c1ST \u00cdRTAK AL\u00c1 A K\u00d6Z\u00d6S UKRAJNAI SZEREPV\u00c1LLAL\u00c1SR\u00d3L A FINN CHURCH AID \u00c9S AZ \u00d6KUMENIKUS SEG\u00c9LYSZERVEZET VEZET\u0150I BUDAPESTEN Beregsz\u00e1sz \u00e9s Lemberg ut\u00e1n Kijevben nyitja meg harmadik ukrajnai irod\u00e1j\u00e1t az \u00d6kumenikus Seg\u00e9lyszervezet. A k\u00f6zpont a magyar seg\u00e9lyszervezet munk\u00e1ja mellett helyet ad az ACT Alliance Ukrajn\u00e1ban szerepet v\u00e1llal\u00f3 tagszervezeteinek is. A k\u00f6zponthoz els\u0151k\u00e9nt a nagy m\u00falt\u00fa, oktat\u00e1si...\" \/>\n<meta property=\"og:url\" content=\"https:\/\/ukraine.hia.hu\/hu\/our-work-enters-a-new-phase-with-the-opening-of-kyiv-humanitarian-centre\/\" \/>\n<meta property=\"og:site_name\" content=\"Az \u00d6kumenikus Seg\u00e9lyszervezet Ukrajn\u00e1ban\" \/>\n<meta property=\"article:published_time\" content=\"2022-05-13T14:51:02+00:00\" \/>\n<meta property=\"article:modified_time\" content=\"2022-05-17T09:35:37+00:00\" \/>\n<meta property=\"og:image\" content=\"https:\/\/ukraine.hia.hu\/wp-content\/uploads\/IMG_4285_FCA-HIA_PressConf_20220513-1-scaled.jpg\" \/>\n\t<meta property=\"og:image:width\" content=\"2560\" \/>\n\t<meta property=\"og:image:height\" content=\"1577\" \/>\n\t<meta property=\"og:image:type\" content=\"image\/jpeg\" \/>\n<meta name=\"author\" content=\"HIA\" \/>\n<meta name=\"twitter:card\" content=\"summary_large_image\" \/>\n<meta name=\"twitter:label1\" content=\"Szerz\u0151:\" \/>\n\t<meta name=\"twitter:data1\" content=\"HIA\" \/>\n\t<meta name=\"twitter:label2\" content=\"Becs\u00fclt olvas\u00e1si id\u0151\" \/>\n\t<meta name=\"twitter:data2\" content=\"3 perc\" \/>\n<script type=\"application\/ld+json\" class=\"yoast-schema-graph\">{\"@context\":\"https:\/\/schema.org\",\"@graph\":[{\"@type\":\"Article\",\"@id\":\"https:\/\/ukraine.hia.hu\/hu\/our-work-enters-a-new-phase-with-the-opening-of-kyiv-humanitarian-centre\/#article\",\"isPartOf\":{\"@id\":\"https:\/\/ukraine.hia.hu\/hu\/our-work-enters-a-new-phase-with-the-opening-of-kyiv-humanitarian-centre\/\"},\"author\":{\"name\":\"HIA\",\"@id\":\"https:\/\/ukraine.hia.hu\/hu\/#\/schema\/person\/5618a1171741e8bbb81c8a76bfcdbfea\"},\"headline\":\"\u00daj szakaszba l\u00e9p az \u00d6kumenikus Seg\u00e9lyszervezet ukrajnai seg\u00e9lyprogramja\",\"datePublished\":\"2022-05-13T14:51:02+00:00\",\"dateModified\":\"2022-05-17T09:35:37+00:00\",\"mainEntityOfPage\":{\"@id\":\"https:\/\/ukraine.hia.hu\/hu\/our-work-enters-a-new-phase-with-the-opening-of-kyiv-humanitarian-centre\/\"},\"wordCount\":567,\"commentCount\":0,\"publisher\":{\"@id\":\"https:\/\/ukraine.hia.hu\/hu\/#organization\"},\"image\":{\"@id\":\"https:\/\/ukraine.hia.hu\/hu\/our-work-enters-a-new-phase-with-the-opening-of-kyiv-humanitarian-centre\/#primaryimage\"},\"thumbnailUrl\":\"https:\/\/ukraine.hia.hu\/wp-content\/uploads\/IMG_4285_FCA-HIA_PressConf_20220513-1-scaled.jpg\",\"keywords\":[\"press release\"],\"articleSection\":[\"H\u00edrek\"],\"inLanguage\":\"hu\",\"potentialAction\":[{\"@type\":\"CommentAction\",\"name\":\"Comment\",\"target\":[\"https:\/\/ukraine.hia.hu\/hu\/our-work-enters-a-new-phase-with-the-opening-of-kyiv-humanitarian-centre\/#respond\"]}]},{\"@type\":\"WebPage\",\"@id\":\"https:\/\/ukraine.hia.hu\/hu\/our-work-enters-a-new-phase-with-the-opening-of-kyiv-humanitarian-centre\/\",\"url\":\"https:\/\/ukraine.hia.hu\/hu\/our-work-enters-a-new-phase-with-the-opening-of-kyiv-humanitarian-centre\/\",\"name\":\"\u00daj szakaszba l\u00e9p az \u00d6kumenikus Seg\u00e9lyszervezet ukrajnai seg\u00e9lyprogramja | Az \u00d6kumenikus Seg\u00e9lyszervezet Ukrajn\u00e1ban\",\"isPartOf\":{\"@id\":\"https:\/\/ukraine.hia.hu\/hu\/#website\"},\"primaryImageOfPage\":{\"@id\":\"https:\/\/ukraine.hia.hu\/hu\/our-work-enters-a-new-phase-with-the-opening-of-kyiv-humanitarian-centre\/#primaryimage\"},\"image\":{\"@id\":\"https:\/\/ukraine.hia.hu\/hu\/our-work-enters-a-new-phase-with-the-opening-of-kyiv-humanitarian-centre\/#primaryimage\"},\"thumbnailUrl\":\"https:\/\/ukraine.hia.hu\/wp-content\/uploads\/IMG_4285_FCA-HIA_PressConf_20220513-1-scaled.jpg\",\"datePublished\":\"2022-05-13T14:51:02+00:00\",\"dateModified\":\"2022-05-17T09:35:37+00:00\",\"breadcrumb\":{\"@id\":\"https:\/\/ukraine.hia.hu\/hu\/our-work-enters-a-new-phase-with-the-opening-of-kyiv-humanitarian-centre\/#breadcrumb\"},\"inLanguage\":\"hu\",\"potentialAction\":[{\"@type\":\"ReadAction\",\"target\":[\"https:\/\/ukraine.hia.hu\/hu\/our-work-enters-a-new-phase-with-the-opening-of-kyiv-humanitarian-centre\/\"]}]},{\"@type\":\"ImageObject\",\"inLanguage\":\"hu\",\"@id\":\"https:\/\/ukraine.hia.hu\/hu\/our-work-enters-a-new-phase-with-the-opening-of-kyiv-humanitarian-centre\/#primaryimage\",\"url\":\"https:\/\/ukraine.hia.hu\/wp-content\/uploads\/IMG_4285_FCA-HIA_PressConf_20220513-1-scaled.jpg\",\"contentUrl\":\"https:\/\/ukraine.hia.hu\/wp-content\/uploads\/IMG_4285_FCA-HIA_PressConf_20220513-1-scaled.jpg\",\"width\":2560,\"height\":1577},{\"@type\":\"BreadcrumbList\",\"@id\":\"https:\/\/ukraine.hia.hu\/hu\/our-work-enters-a-new-phase-with-the-opening-of-kyiv-humanitarian-centre\/#breadcrumb\",\"itemListElement\":[{\"@type\":\"ListItem\",\"position\":1,\"name\":\"Kezd\u0151lap\",\"item\":\"https:\/\/ukraine.hia.hu\/hu\/\"},{\"@type\":\"ListItem\",\"position\":2,\"name\":\"\u00daj szakaszba l\u00e9p az \u00d6kumenikus Seg\u00e9lyszervezet ukrajnai seg\u00e9lyprogramja\"}]},{\"@type\":\"WebSite\",\"@id\":\"https:\/\/ukraine.hia.hu\/hu\/#website\",\"url\":\"https:\/\/ukraine.hia.hu\/hu\/\",\"name\":\"Az \u00d6kumenikus Seg\u00e9lyszervezet Ukrajn\u00e1ban\",\"description\":\"Az \u00d6kumenikus Seg\u00e9lyszervezet Ukrajn\u00e1ban\",\"publisher\":{\"@id\":\"https:\/\/ukraine.hia.hu\/hu\/#organization\"},\"potentialAction\":[{\"@type\":\"SearchAction\",\"target\":{\"@type\":\"EntryPoint\",\"urlTemplate\":\"https:\/\/ukraine.hia.hu\/hu\/?s={search_term_string}\"},\"query-input\":\"required name=search_term_string\"}],\"inLanguage\":\"hu\"},{\"@type\":\"Organization\",\"@id\":\"https:\/\/ukraine.hia.hu\/hu\/#organization\",\"name\":\"HIA Hungary\",\"url\":\"https:\/\/ukraine.hia.hu\/hu\/\",\"logo\":{\"@type\":\"ImageObject\",\"inLanguage\":\"hu\",\"@id\":\"https:\/\/ukraine.hia.hu\/hu\/#\/schema\/logo\/image\/\",\"url\":\"https:\/\/ukraine.hia.hu\/wp-content\/uploads\/footer_logo.png\",\"contentUrl\":\"https:\/\/ukraine.hia.hu\/wp-content\/uploads\/footer_logo.png\",\"width\":350,\"height\":427,\"caption\":\"HIA Hungary\"},\"image\":{\"@id\":\"https:\/\/ukraine.hia.hu\/hu\/#\/schema\/logo\/image\/\"}},{\"@type\":\"Person\",\"@id\":\"https:\/\/ukraine.hia.hu\/hu\/#\/schema\/person\/5618a1171741e8bbb81c8a76bfcdbfea\",\"name\":\"HIA\",\"image\":{\"@type\":\"ImageObject\",\"inLanguage\":\"hu\",\"@id\":\"https:\/\/ukraine.hia.hu\/hu\/#\/schema\/person\/image\/\",\"url\":\"https:\/\/secure.gravatar.com\/avatar\/0eb37bd0c23121a70100851bb2e0123c?s=96&d=mm&r=g\",\"contentUrl\":\"https:\/\/secure.gravatar.com\/avatar\/0eb37bd0c23121a70100851bb2e0123c?s=96&d=mm&r=g\",\"caption\":\"HIA\"},\"sameAs\":[\"http:\/\/www.hia.hu\"]}]}<\/script>\n<!-- \/ Yoast SEO plugin. -->","yoast_head_json":{"title":"\u00daj szakaszba l\u00e9p az \u00d6kumenikus Seg\u00e9lyszervezet ukrajnai seg\u00e9lyprogramja | Az \u00d6kumenikus Seg\u00e9lyszervezet Ukrajn\u00e1ban","robots":{"index":"index","follow":"follow","max-snippet":"max-snippet:-1","max-image-preview":"max-image-preview:large","max-video-preview":"max-video-preview:-1"},"canonical":"https:\/\/ukraine.hia.hu\/hu\/our-work-enters-a-new-phase-with-the-opening-of-kyiv-humanitarian-centre\/","og_locale":"hu_HU","og_type":"article","og_title":"\u00daj szakaszba l\u00e9p az \u00d6kumenikus Seg\u00e9lyszervezet ukrajnai seg\u00e9lyprogramja | Az \u00d6kumenikus Seg\u00e9lyszervezet Ukrajn\u00e1ban","og_description":"EGY\u00dcTTM\u0170K\u00d6D\u00c9SI MEG\u00c1LLAPOD\u00c1ST \u00cdRTAK AL\u00c1 A K\u00d6Z\u00d6S UKRAJNAI SZEREPV\u00c1LLAL\u00c1SR\u00d3L A FINN CHURCH AID \u00c9S AZ \u00d6KUMENIKUS SEG\u00c9LYSZERVEZET VEZET\u0150I BUDAPESTEN Beregsz\u00e1sz \u00e9s Lemberg ut\u00e1n Kijevben nyitja meg harmadik ukrajnai irod\u00e1j\u00e1t az \u00d6kumenikus Seg\u00e9lyszervezet. A k\u00f6zpont a magyar seg\u00e9lyszervezet munk\u00e1ja mellett helyet ad az ACT Alliance Ukrajn\u00e1ban szerepet v\u00e1llal\u00f3 tagszervezeteinek is. A k\u00f6zponthoz els\u0151k\u00e9nt a nagy m\u00falt\u00fa, oktat\u00e1si...","og_url":"https:\/\/ukraine.hia.hu\/hu\/our-work-enters-a-new-phase-with-the-opening-of-kyiv-humanitarian-centre\/","og_site_name":"Az \u00d6kumenikus Seg\u00e9lyszervezet Ukrajn\u00e1ban","article_published_time":"2022-05-13T14:51:02+00:00","article_modified_time":"2022-05-17T09:35:37+00:00","og_image":[{"width":2560,"height":1577,"url":"https:\/\/ukraine.hia.hu\/wp-content\/uploads\/IMG_4285_FCA-HIA_PressConf_20220513-1-scaled.jpg","type":"image\/jpeg"}],"author":"HIA","twitter_card":"summary_large_image","twitter_misc":{"Szerz\u0151:":"HIA","Becs\u00fclt olvas\u00e1si id\u0151":"3 perc"},"schema":{"@context":"https:\/\/schema.org","@graph":[{"@type":"Article","@id":"https:\/\/ukraine.hia.hu\/hu\/our-work-enters-a-new-phase-with-the-opening-of-kyiv-humanitarian-centre\/#article","isPartOf":{"@id":"https:\/\/ukraine.hia.hu\/hu\/our-work-enters-a-new-phase-with-the-opening-of-kyiv-humanitarian-centre\/"},"author":{"name":"HIA","@id":"https:\/\/ukraine.hia.hu\/hu\/#\/schema\/person\/5618a1171741e8bbb81c8a76bfcdbfea"},"headline":"\u00daj szakaszba l\u00e9p az \u00d6kumenikus Seg\u00e9lyszervezet ukrajnai seg\u00e9lyprogramja","datePublished":"2022-05-13T14:51:02+00:00","dateModified":"2022-05-17T09:35:37+00:00","mainEntityOfPage":{"@id":"https:\/\/ukraine.hia.hu\/hu\/our-work-enters-a-new-phase-with-the-opening-of-kyiv-humanitarian-centre\/"},"wordCount":567,"commentCount":0,"publisher":{"@id":"https:\/\/ukraine.hia.hu\/hu\/#organization"},"image":{"@id":"https:\/\/ukraine.hia.hu\/hu\/our-work-enters-a-new-phase-with-the-opening-of-kyiv-humanitarian-centre\/#primaryimage"},"thumbnailUrl":"https:\/\/ukraine.hia.hu\/wp-content\/uploads\/IMG_4285_FCA-HIA_PressConf_20220513-1-scaled.jpg","keywords":["press release"],"articleSection":["H\u00edrek"],"inLanguage":"hu","potentialAction":[{"@type":"CommentAction","name":"Comment","target":["https:\/\/ukraine.hia.hu\/hu\/our-work-enters-a-new-phase-with-the-opening-of-kyiv-humanitarian-centre\/#respond"]}]},{"@type":"WebPage","@id":"https:\/\/ukraine.hia.hu\/hu\/our-work-enters-a-new-phase-with-the-opening-of-kyiv-humanitarian-centre\/","url":"https:\/\/ukraine.hia.hu\/hu\/our-work-enters-a-new-phase-with-the-opening-of-kyiv-humanitarian-centre\/","name":"\u00daj szakaszba l\u00e9p az \u00d6kumenikus Seg\u00e9lyszervezet ukrajnai seg\u00e9lyprogramja | Az \u00d6kumenikus Seg\u00e9lyszervezet Ukrajn\u00e1ban","isPartOf":{"@id":"https:\/\/ukraine.hia.hu\/hu\/#website"},"primaryImageOfPage":{"@id":"https:\/\/ukraine.hia.hu\/hu\/our-work-enters-a-new-phase-with-the-opening-of-kyiv-humanitarian-centre\/#primaryimage"},"image":{"@id":"https:\/\/ukraine.hia.hu\/hu\/our-work-enters-a-new-phase-with-the-opening-of-kyiv-humanitarian-centre\/#primaryimage"},"thumbnailUrl":"https:\/\/ukraine.hia.hu\/wp-content\/uploads\/IMG_4285_FCA-HIA_PressConf_20220513-1-scaled.jpg","datePublished":"2022-05-13T14:51:02+00:00","dateModified":"2022-05-17T09:35:37+00:00","breadcrumb":{"@id":"https:\/\/ukraine.hia.hu\/hu\/our-work-enters-a-new-phase-with-the-opening-of-kyiv-humanitarian-centre\/#breadcrumb"},"inLanguage":"hu","potentialAction":[{"@type":"ReadAction","target":["https:\/\/ukraine.hia.hu\/hu\/our-work-enters-a-new-phase-with-the-opening-of-kyiv-humanitarian-centre\/"]}]},{"@type":"ImageObject","inLanguage":"hu","@id":"https:\/\/ukraine.hia.hu\/hu\/our-work-enters-a-new-phase-with-the-opening-of-kyiv-humanitarian-centre\/#primaryimage","url":"https:\/\/ukraine.hia.hu\/wp-content\/uploads\/IMG_4285_FCA-HIA_PressConf_20220513-1-scaled.jpg","contentUrl":"https:\/\/ukraine.hia.hu\/wp-content\/uploads\/IMG_4285_FCA-HIA_PressConf_20220513-1-scaled.jpg","width":2560,"height":1577},{"@type":"BreadcrumbList","@id":"https:\/\/ukraine.hia.hu\/hu\/our-work-enters-a-new-phase-with-the-opening-of-kyiv-humanitarian-centre\/#breadcrumb","itemListElement":[{"@type":"ListItem","position":1,"name":"Kezd\u0151lap","item":"https:\/\/ukraine.hia.hu\/hu\/"},{"@type":"ListItem","position":2,"name":"\u00daj szakaszba l\u00e9p az \u00d6kumenikus Seg\u00e9lyszervezet ukrajnai seg\u00e9lyprogramja"}]},{"@type":"WebSite","@id":"https:\/\/ukraine.hia.hu\/hu\/#website","url":"https:\/\/ukraine.hia.hu\/hu\/","name":"Az \u00d6kumenikus Seg\u00e9lyszervezet Ukrajn\u00e1ban","description":"Az \u00d6kumenikus Seg\u00e9lyszervezet Ukrajn\u00e1ban","publisher":{"@id":"https:\/\/ukraine.hia.hu\/hu\/#organization"},"potentialAction":[{"@type":"SearchAction","target":{"@type":"EntryPoint","urlTemplate":"https:\/\/ukraine.hia.hu\/hu\/?s={search_term_string}"},"query-input":"required name=search_term_string"}],"inLanguage":"hu"},{"@type":"Organization","@id":"https:\/\/ukraine.hia.hu\/hu\/#organization","name":"HIA Hungary","url":"https:\/\/ukraine.hia.hu\/hu\/","logo":{"@type":"ImageObject","inLanguage":"hu","@id":"https:\/\/ukraine.hia.hu\/hu\/#\/schema\/logo\/image\/","url":"https:\/\/ukraine.hia.hu\/wp-content\/uploads\/footer_logo.png","contentUrl":"https:\/\/ukraine.hia.hu\/wp-content\/uploads\/footer_logo.png","width":350,"height":427,"caption":"HIA Hungary"},"image":{"@id":"https:\/\/ukraine.hia.hu\/hu\/#\/schema\/logo\/image\/"}},{"@type":"Person","@id":"https:\/\/ukraine.hia.hu\/hu\/#\/schema\/person\/5618a1171741e8bbb81c8a76bfcdbfea","name":"HIA","image":{"@type":"ImageObject","inLanguage":"hu","@id":"https:\/\/ukraine.hia.hu\/hu\/#\/schema\/person\/image\/","url":"https:\/\/secure.gravatar.com\/avatar\/0eb37bd0c23121a70100851bb2e0123c?s=96&d=mm&r=g","contentUrl":"https:\/\/secure.gravatar.com\/avatar\/0eb37bd0c23121a70100851bb2e0123c?s=96&d=mm&r=g","caption":"HIA"},"sameAs":["http:\/\/www.hia.hu"]}]}},"_links":{"self":[{"href":"https:\/\/ukraine.hia.hu\/hu\/wp-json\/wp\/v2\/posts\/2784"}],"collection":[{"href":"https:\/\/ukraine.hia.hu\/hu\/wp-json\/wp\/v2\/posts"}],"about":[{"href":"https:\/\/ukraine.hia.hu\/hu\/wp-json\/wp\/v2\/types\/post"}],"author":[{"embeddable":true,"href":"https:\/\/ukraine.hia.hu\/hu\/wp-json\/wp\/v2\/users\/1"}],"replies":[{"embeddable":true,"href":"https:\/\/ukraine.hia.hu\/hu\/wp-json\/wp\/v2\/comments?post=2784"}],"version-history":[{"count":4,"href":"https:\/\/ukraine.hia.hu\/hu\/wp-json\/wp\/v2\/posts\/2784\/revisions"}],"predecessor-version":[{"id":2789,"href":"https:\/\/ukraine.hia.hu\/hu\/wp-json\/wp\/v2\/posts\/2784\/revisions\/2789"}],"wp:featuredmedia":[{"embeddable":true,"href":"https:\/\/ukraine.hia.hu\/hu\/wp-json\/wp\/v2\/media\/2765"}],"wp:attachment":[{"href":"https:\/\/ukraine.hia.hu\/hu\/wp-json\/wp\/v2\/media?parent=2784"}],"wp:term":[{"taxonomy":"category","embeddable":true,"href":"https:\/\/ukraine.hia.hu\/hu\/wp-json\/wp\/v2\/categories?post=2784"},{"taxonomy":"post_tag","embeddable":true,"href":"https:\/\/ukraine.hia.hu\/hu\/wp-json\/wp\/v2\/tags?post=2784"}],"curies":[{"name":"wp","href":"https:\/\/api.w.org\/{rel}","templated":true}]}}