{"id":5471,"date":"2022-11-16T16:57:59","date_gmt":"2022-11-16T14:57:59","guid":{"rendered":"https:\/\/ukraine.hia.hu\/?p=5471"},"modified":"2022-11-16T17:04:07","modified_gmt":"2022-11-16T15:04:07","slug":"ovodat-adtunk-at-beregszaszon","status":"publish","type":"post","link":"https:\/\/ukraine.hia.hu\/hu\/ovodat-adtunk-at-beregszaszon\/","title":{"rendered":"\u00d3vod\u00e1t adtunk \u00e1t Beregsz\u00e1szon"},"content":{"rendered":"\t\t<div data-elementor-type=\"wp-post\" data-elementor-id=\"5471\" class=\"elementor elementor-5471 elementor-5452\">\n\t\t\t\t\t\t<section class=\"elementor-section elementor-top-section elementor-element elementor-element-3780909 elementor-section-boxed elementor-section-height-default elementor-section-height-default\" data-id=\"3780909\" data-element_type=\"section\">\n\t\t\t\t\t\t<div class=\"elementor-container elementor-column-gap-default\">\n\t\t\t\t\t<div class=\"elementor-column elementor-col-100 elementor-top-column elementor-element elementor-element-ef26630\" data-id=\"ef26630\" data-element_type=\"column\">\n\t\t\t<div class=\"elementor-widget-wrap elementor-element-populated\">\n\t\t\t\t\t\t<div class=\"elementor-element elementor-element-7295d7c elementor-widget elementor-widget-text-editor\" data-id=\"7295d7c\" data-element_type=\"widget\" data-widget_type=\"text-editor.default\">\n\t\t\t\t<div class=\"elementor-widget-container\">\n\t\t\t<style>\/*! elementor - v3.20.0 - 13-03-2024 *\/\n.elementor-widget-text-editor.elementor-drop-cap-view-stacked .elementor-drop-cap{background-color:#69727d;color:#fff}.elementor-widget-text-editor.elementor-drop-cap-view-framed .elementor-drop-cap{color:#69727d;border:3px solid;background-color:transparent}.elementor-widget-text-editor:not(.elementor-drop-cap-view-default) .elementor-drop-cap{margin-top:8px}.elementor-widget-text-editor:not(.elementor-drop-cap-view-default) .elementor-drop-cap-letter{width:1em;height:1em}.elementor-widget-text-editor .elementor-drop-cap{float:left;text-align:center;line-height:1;font-size:50px}.elementor-widget-text-editor .elementor-drop-cap-letter{display:inline-block}<\/style>\t\t\t\t<div class=\"col-lg-8 col-md-7\"><p><strong>Lehel L\u00e1szl\u00f3, a Seg\u00e9lyszervezet eln\u00f6k-igazgat\u00f3ja Magyar Levent\u00e9vel, a K\u00fclgazdas\u00e1gi \u00e9s K\u00fcl\u00fcgyminiszt\u00e9rium miniszterhelyettes\u00e9vel \u00e9s Viktor Mikita\u00a0K\u00e1rp\u00e1talja katonai korm\u00e1nyz\u00f3j\u00e1val k\u00f6z\u00f6sen adta \u00e1t a 35 gyermek ell\u00e1t\u00e1s\u00e1ra alkalmas, k\u00fcls\u0151 \u00e9s bels\u0151 fel\u00faj\u00edt\u00e1son \u00e1tesett int\u00e9zm\u00e9nyt.\u00a0\u00a0<\/strong><\/p><\/div>\t\t\t\t\t\t<\/div>\n\t\t\t\t<\/div>\n\t\t\t\t\t<\/div>\n\t\t<\/div>\n\t\t\t\t\t<\/div>\n\t\t<\/section>\n\t\t\t\t<section class=\"elementor-section elementor-top-section elementor-element elementor-element-832b7f8 elementor-section-boxed elementor-section-height-default elementor-section-height-default\" data-id=\"832b7f8\" data-element_type=\"section\">\n\t\t\t\t\t\t<div class=\"elementor-container elementor-column-gap-default\">\n\t\t\t\t\t<div class=\"elementor-column elementor-col-100 elementor-top-column elementor-element elementor-element-fded269\" data-id=\"fded269\" data-element_type=\"column\">\n\t\t\t<div class=\"elementor-widget-wrap elementor-element-populated\">\n\t\t\t\t\t\t<div class=\"elementor-element elementor-element-05b1e49 elementor-widget elementor-widget-text-editor\" data-id=\"05b1e49\" data-element_type=\"widget\" data-widget_type=\"text-editor.default\">\n\t\t\t\t<div class=\"elementor-widget-container\">\n\t\t\t\t\t\t\t<p>A 2016-ban indult beruh\u00e1z\u00e1s jelent\u0151s magyar korm\u00e1nyzati t\u00e1mogat\u00e1ssal val\u00f3sult meg, melyhez a Kultur\u00e1lis \u00e9s Innov\u00e1ci\u00f3s Miniszt\u00e9rium Csal\u00e1d\u00fcgyi T\u00e1mogat\u00e1si F\u0151oszt\u00e1lya,\u00a0a Bethlen Alap, illetve t\u00f6bb c\u00e9g is csatlakozott: az \u00f3voda felszerel\u00e9s\u00e9t \u00e9s beb\u00fatoroz\u00e1s\u00e1t a Meditop, a Szerencsej\u00e1t\u00e9k Zrt. \u00e9s \u00e9s MKB bank c\u00e9lzott t\u00e1mogat\u00e1sa tette lehet\u0151v\u00e9.<\/p><p>A fel\u00faj\u00edt\u00e1s eredm\u00e9nyek\u00e9nt \u00fajra megny\u00edlhat a t\u00f6rt\u00e9nelmi v\u00e1rosk\u00f6zpontban nagy sz\u00e1mban \u00e9l\u0151 beregsz\u00e1szi magyar k\u00f6z\u00f6ss\u00e9g sz\u00e1m\u00e1ra egy \u00faj, modern 35 gyermek befogad\u00e1s\u00e1ra alkalmas, \u00fajra k\u00f6zm\u0171ves\u00edtett \u00f3voda k\u00f6zvetlen\u00fcl a v\u00e1rosh\u00e1za mellett, amely a Beregsz\u00e1szon \u00e9s k\u00f6rny\u00e9k\u00e9n \u00e9l\u0151 3-6 \u00e9ves gyermekek ell\u00e1t\u00e1s\u00e1t biztos\u00edtja.<\/p><p>A Seg\u00e9lyszervezet\u00fcnk ukrajnai tev\u00e9kenys\u00e9g\u00e9nek c\u00e9lja \u2013 a katasztr\u00f3f\u00e1kat k\u00f6vet\u0151 humanit\u00e1rius seg\u00edts\u00e9gny\u00fajt\u00e1s \u00e9s a h\u00e1bor\u00fa miatti szenved\u00e9s cs\u00f6kkent\u00e9se mellett \u2013 olyan hossz\u00fat\u00e1von fenntarthat\u00f3 fejleszt\u00e9si modellprogramok \u00e1tad\u00e1sa, amelyek a h\u00e1tr\u00e1nyos helyzet\u0171 gyermekek \u00e9s csal\u00e1dok fejl\u0151d\u00e9s\u00e9t \u00e9s t\u00e1mogat\u00e1s\u00e1t seg\u00edtik el\u0151.<\/p><p>(K\u00e9pek forr\u00e1sa: MTI\/KKM)<\/p>\t\t\t\t\t\t<\/div>\n\t\t\t\t<\/div>\n\t\t\t\t\t<\/div>\n\t\t<\/div>\n\t\t\t\t\t<\/div>\n\t\t<\/section>\n\t\t\t\t<section class=\"elementor-section elementor-top-section elementor-element elementor-element-2a67c05 elementor-section-boxed elementor-section-height-default elementor-section-height-default\" data-id=\"2a67c05\" data-element_type=\"section\">\n\t\t\t\t\t\t<div class=\"elementor-container elementor-column-gap-default\">\n\t\t\t\t\t<div class=\"elementor-column elementor-col-100 elementor-top-column elementor-element elementor-element-2d0f980\" data-id=\"2d0f980\" data-element_type=\"column\">\n\t\t\t<div class=\"elementor-widget-wrap elementor-element-populated\">\n\t\t\t\t\t\t<div class=\"elementor-element elementor-element-1ebe5c7 elementor-widget elementor-widget-image\" data-id=\"1ebe5c7\" data-element_type=\"widget\" data-widget_type=\"image.default\">\n\t\t\t\t<div class=\"elementor-widget-container\">\n\t\t\t<style>\/*! elementor - v3.20.0 - 13-03-2024 *\/\n.elementor-widget-image{text-align:center}.elementor-widget-image a{display:inline-block}.elementor-widget-image a img[src$=\".svg\"]{width:48px}.elementor-widget-image img{vertical-align:middle;display:inline-block}<\/style>\t\t\t\t\t\t\t<figure class=\"wp-caption\">\n\t\t\t\t\t\t\t\t\t\t<img fetchpriority=\"high\" decoding=\"async\" width=\"1024\" height=\"683\" src=\"https:\/\/ukraine.hia.hu\/wp-content\/uploads\/D_MTI20221110041-1024x683.jpg\" class=\"attachment-large size-large wp-image-5455\" alt=\"\" srcset=\"https:\/\/ukraine.hia.hu\/wp-content\/uploads\/D_MTI20221110041-1024x683.jpg 1024w, https:\/\/ukraine.hia.hu\/wp-content\/uploads\/D_MTI20221110041-300x200.jpg 300w, https:\/\/ukraine.hia.hu\/wp-content\/uploads\/D_MTI20221110041-768x512.jpg 768w, https:\/\/ukraine.hia.hu\/wp-content\/uploads\/D_MTI20221110041-1536x1024.jpg 1536w, https:\/\/ukraine.hia.hu\/wp-content\/uploads\/D_MTI20221110041-2048x1365.jpg 2048w\" sizes=\"(max-width: 1024px) 100vw, 1024px\" \/>\t\t\t\t\t\t\t\t\t\t\t<figcaption class=\"widget-image-caption wp-caption-text\">3 . A K\u00fclgazdas\u00e1gi \u00e9s K\u00fcl\u00fcgyminiszt\u00e9rium (KKM) \u00e1ltal k\u00f6zreadott k\u00e9pen Magyar Levente, a KKM parlamenti \u00e1llamtitk\u00e1ra, Viktor Mikita, K\u00e1rp\u00e1talja korm\u00e1nyz\u00f3ja, Julia Grisina ukr\u00e1n parlamenti k\u00e9pvisel\u0151 \u00e9s Lehel L\u00e1szl\u00f3, a Magyar \u00d6kumenikus Seg\u00e9lyszervezet eln\u00f6k-igazgat\u00f3ja (b-j) a magyar \u00e1llam t\u00e1mogat\u00e1s\u00e1val megval\u00f3s\u00edtott beregsz\u00e1szi \u00f3voda \u00f3v\u00f3hely\u00e9n Beregsz\u00e1szon 2022. november 10-\u00e9n. MTI\/KKM<\/figcaption>\n\t\t\t\t\t\t\t\t\t\t<\/figure>\n\t\t\t\t\t\t\t<\/div>\n\t\t\t\t<\/div>\n\t\t\t\t\t<\/div>\n\t\t<\/div>\n\t\t\t\t\t<\/div>\n\t\t<\/section>\n\t\t\t\t<\/div>\n\t\t","protected":false},"excerpt":{"rendered":"<p>Lehel L\u00e1szl\u00f3, a Seg\u00e9lyszervezet eln\u00f6k-igazgat\u00f3ja Magyar Levent\u00e9vel, a K\u00fclgazdas\u00e1gi \u00e9s K\u00fcl\u00fcgyminiszt\u00e9rium miniszterhelyettes\u00e9vel \u00e9s Viktor Mikita\u00a0K\u00e1rp\u00e1talja katonai korm\u00e1nyz\u00f3j\u00e1val k\u00f6z\u00f6sen adta \u00e1t a 35 gyermek ell\u00e1t\u00e1s\u00e1ra alkalmas, k\u00fcls\u0151 \u00e9s bels\u0151 fel\u00faj\u00edt\u00e1son \u00e1tesett int\u00e9zm\u00e9nyt.\u00a0\u00a0 A 2016-ban indult beruh\u00e1z\u00e1s jelent\u0151s magyar korm\u00e1nyzati t\u00e1mogat\u00e1ssal val\u00f3sult meg, melyhez a Kultur\u00e1lis \u00e9s Innov\u00e1ci\u00f3s Miniszt\u00e9rium Csal\u00e1d\u00fcgyi T\u00e1mogat\u00e1si F\u0151oszt\u00e1lya,\u00a0a Bethlen Alap, illetve t\u00f6bb c\u00e9g&#8230;<\/p>\n","protected":false},"author":1,"featured_media":5462,"comment_status":"open","ping_status":"open","sticky":false,"template":"","format":"standard","meta":{"_acf_changed":false,"_kad_post_transparent":"","_kad_post_title":"","_kad_post_layout":"","_kad_post_sidebar_id":"","_kad_post_content_style":"","_kad_post_vertical_padding":"","_kad_post_feature":"","_kad_post_feature_position":"","_kad_post_header":false,"_kad_post_footer":false,"footnotes":"","_wp_rev_ctl_limit":""},"categories":[5],"tags":[],"acf":[],"yoast_head":"<!-- This site is optimized with the Yoast SEO plugin v22.2 - https:\/\/yoast.com\/wordpress\/plugins\/seo\/ -->\n<title>\u00d3vod\u00e1t adtunk \u00e1t Beregsz\u00e1szon | Az \u00d6kumenikus Seg\u00e9lyszervezet Ukrajn\u00e1ban<\/title>\n<meta name=\"robots\" content=\"index, follow, max-snippet:-1, max-image-preview:large, max-video-preview:-1\" \/>\n<link rel=\"canonical\" href=\"https:\/\/ukraine.hia.hu\/hu\/ovodat-adtunk-at-beregszaszon\/\" \/>\n<meta property=\"og:locale\" content=\"hu_HU\" \/>\n<meta property=\"og:type\" content=\"article\" \/>\n<meta property=\"og:title\" content=\"\u00d3vod\u00e1t adtunk \u00e1t Beregsz\u00e1szon | Az \u00d6kumenikus Seg\u00e9lyszervezet Ukrajn\u00e1ban\" \/>\n<meta property=\"og:description\" content=\"Lehel L\u00e1szl\u00f3, a Seg\u00e9lyszervezet eln\u00f6k-igazgat\u00f3ja Magyar Levent\u00e9vel, a K\u00fclgazdas\u00e1gi \u00e9s K\u00fcl\u00fcgyminiszt\u00e9rium miniszterhelyettes\u00e9vel \u00e9s Viktor Mikita\u00a0K\u00e1rp\u00e1talja katonai korm\u00e1nyz\u00f3j\u00e1val k\u00f6z\u00f6sen adta \u00e1t a 35 gyermek ell\u00e1t\u00e1s\u00e1ra alkalmas, k\u00fcls\u0151 \u00e9s bels\u0151 fel\u00faj\u00edt\u00e1son \u00e1tesett int\u00e9zm\u00e9nyt.\u00a0\u00a0 A 2016-ban indult beruh\u00e1z\u00e1s jelent\u0151s magyar korm\u00e1nyzati t\u00e1mogat\u00e1ssal val\u00f3sult meg, melyhez a Kultur\u00e1lis \u00e9s Innov\u00e1ci\u00f3s Miniszt\u00e9rium Csal\u00e1d\u00fcgyi T\u00e1mogat\u00e1si F\u0151oszt\u00e1lya,\u00a0a Bethlen Alap, illetve t\u00f6bb c\u00e9g...\" \/>\n<meta property=\"og:url\" content=\"https:\/\/ukraine.hia.hu\/hu\/ovodat-adtunk-at-beregszaszon\/\" \/>\n<meta property=\"og:site_name\" content=\"Az \u00d6kumenikus Seg\u00e9lyszervezet Ukrajn\u00e1ban\" \/>\n<meta property=\"article:published_time\" content=\"2022-11-16T14:57:59+00:00\" \/>\n<meta property=\"article:modified_time\" content=\"2022-11-16T15:04:07+00:00\" \/>\n<meta property=\"og:image\" content=\"https:\/\/ukraine.hia.hu\/wp-content\/uploads\/DNEMS20221110013-scaled-1440x9999-1.jpg\" \/>\n\t<meta property=\"og:image:width\" content=\"1440\" \/>\n\t<meta property=\"og:image:height\" content=\"960\" \/>\n\t<meta property=\"og:image:type\" content=\"image\/jpeg\" \/>\n<meta name=\"author\" content=\"HIA\" \/>\n<meta name=\"twitter:card\" content=\"summary_large_image\" \/>\n<meta name=\"twitter:label1\" content=\"Szerz\u0151:\" \/>\n\t<meta name=\"twitter:data1\" content=\"HIA\" \/>\n\t<meta name=\"twitter:label2\" content=\"Becs\u00fclt olvas\u00e1si id\u0151\" \/>\n\t<meta name=\"twitter:data2\" content=\"2 perc\" \/>\n<script type=\"application\/ld+json\" class=\"yoast-schema-graph\">{\"@context\":\"https:\/\/schema.org\",\"@graph\":[{\"@type\":\"Article\",\"@id\":\"https:\/\/ukraine.hia.hu\/hu\/ovodat-adtunk-at-beregszaszon\/#article\",\"isPartOf\":{\"@id\":\"https:\/\/ukraine.hia.hu\/hu\/ovodat-adtunk-at-beregszaszon\/\"},\"author\":{\"name\":\"HIA\",\"@id\":\"https:\/\/ukraine.hia.hu\/hu\/#\/schema\/person\/5618a1171741e8bbb81c8a76bfcdbfea\"},\"headline\":\"\u00d3vod\u00e1t adtunk \u00e1t Beregsz\u00e1szon\",\"datePublished\":\"2022-11-16T14:57:59+00:00\",\"dateModified\":\"2022-11-16T15:04:07+00:00\",\"mainEntityOfPage\":{\"@id\":\"https:\/\/ukraine.hia.hu\/hu\/ovodat-adtunk-at-beregszaszon\/\"},\"wordCount\":358,\"commentCount\":0,\"publisher\":{\"@id\":\"https:\/\/ukraine.hia.hu\/hu\/#organization\"},\"image\":{\"@id\":\"https:\/\/ukraine.hia.hu\/hu\/ovodat-adtunk-at-beregszaszon\/#primaryimage\"},\"thumbnailUrl\":\"https:\/\/ukraine.hia.hu\/wp-content\/uploads\/DNEMS20221110013-scaled-1440x9999-1.jpg\",\"articleSection\":[\"H\u00edrek\"],\"inLanguage\":\"hu\",\"potentialAction\":[{\"@type\":\"CommentAction\",\"name\":\"Comment\",\"target\":[\"https:\/\/ukraine.hia.hu\/hu\/ovodat-adtunk-at-beregszaszon\/#respond\"]}]},{\"@type\":\"WebPage\",\"@id\":\"https:\/\/ukraine.hia.hu\/hu\/ovodat-adtunk-at-beregszaszon\/\",\"url\":\"https:\/\/ukraine.hia.hu\/hu\/ovodat-adtunk-at-beregszaszon\/\",\"name\":\"\u00d3vod\u00e1t adtunk \u00e1t Beregsz\u00e1szon | Az \u00d6kumenikus Seg\u00e9lyszervezet Ukrajn\u00e1ban\",\"isPartOf\":{\"@id\":\"https:\/\/ukraine.hia.hu\/hu\/#website\"},\"primaryImageOfPage\":{\"@id\":\"https:\/\/ukraine.hia.hu\/hu\/ovodat-adtunk-at-beregszaszon\/#primaryimage\"},\"image\":{\"@id\":\"https:\/\/ukraine.hia.hu\/hu\/ovodat-adtunk-at-beregszaszon\/#primaryimage\"},\"thumbnailUrl\":\"https:\/\/ukraine.hia.hu\/wp-content\/uploads\/DNEMS20221110013-scaled-1440x9999-1.jpg\",\"datePublished\":\"2022-11-16T14:57:59+00:00\",\"dateModified\":\"2022-11-16T15:04:07+00:00\",\"breadcrumb\":{\"@id\":\"https:\/\/ukraine.hia.hu\/hu\/ovodat-adtunk-at-beregszaszon\/#breadcrumb\"},\"inLanguage\":\"hu\",\"potentialAction\":[{\"@type\":\"ReadAction\",\"target\":[\"https:\/\/ukraine.hia.hu\/hu\/ovodat-adtunk-at-beregszaszon\/\"]}]},{\"@type\":\"ImageObject\",\"inLanguage\":\"hu\",\"@id\":\"https:\/\/ukraine.hia.hu\/hu\/ovodat-adtunk-at-beregszaszon\/#primaryimage\",\"url\":\"https:\/\/ukraine.hia.hu\/wp-content\/uploads\/DNEMS20221110013-scaled-1440x9999-1.jpg\",\"contentUrl\":\"https:\/\/ukraine.hia.hu\/wp-content\/uploads\/DNEMS20221110013-scaled-1440x9999-1.jpg\",\"width\":1440,\"height\":960,\"caption\":\"Beregsz\u00e1sz, 2022. november 10. A magyar \u00e1llam t\u00e1mogat\u00e1s\u00e1val megval\u00f3s\u00edtott beregsz\u00e1szi \u00f3voda az \u00e1tad\u00e1s napj\u00e1n, 2022. november 10-\u00e9n. MTI\/Nemes J\u00e1nos\"},{\"@type\":\"BreadcrumbList\",\"@id\":\"https:\/\/ukraine.hia.hu\/hu\/ovodat-adtunk-at-beregszaszon\/#breadcrumb\",\"itemListElement\":[{\"@type\":\"ListItem\",\"position\":1,\"name\":\"Kezd\u0151lap\",\"item\":\"https:\/\/ukraine.hia.hu\/hu\/\"},{\"@type\":\"ListItem\",\"position\":2,\"name\":\"\u00d3vod\u00e1t adtunk \u00e1t Beregsz\u00e1szon\"}]},{\"@type\":\"WebSite\",\"@id\":\"https:\/\/ukraine.hia.hu\/hu\/#website\",\"url\":\"https:\/\/ukraine.hia.hu\/hu\/\",\"name\":\"Az \u00d6kumenikus Seg\u00e9lyszervezet Ukrajn\u00e1ban\",\"description\":\"Az \u00d6kumenikus Seg\u00e9lyszervezet Ukrajn\u00e1ban\",\"publisher\":{\"@id\":\"https:\/\/ukraine.hia.hu\/hu\/#organization\"},\"potentialAction\":[{\"@type\":\"SearchAction\",\"target\":{\"@type\":\"EntryPoint\",\"urlTemplate\":\"https:\/\/ukraine.hia.hu\/hu\/?s={search_term_string}\"},\"query-input\":\"required name=search_term_string\"}],\"inLanguage\":\"hu\"},{\"@type\":\"Organization\",\"@id\":\"https:\/\/ukraine.hia.hu\/hu\/#organization\",\"name\":\"HIA Hungary\",\"url\":\"https:\/\/ukraine.hia.hu\/hu\/\",\"logo\":{\"@type\":\"ImageObject\",\"inLanguage\":\"hu\",\"@id\":\"https:\/\/ukraine.hia.hu\/hu\/#\/schema\/logo\/image\/\",\"url\":\"https:\/\/ukraine.hia.hu\/wp-content\/uploads\/footer_logo.png\",\"contentUrl\":\"https:\/\/ukraine.hia.hu\/wp-content\/uploads\/footer_logo.png\",\"width\":350,\"height\":427,\"caption\":\"HIA Hungary\"},\"image\":{\"@id\":\"https:\/\/ukraine.hia.hu\/hu\/#\/schema\/logo\/image\/\"}},{\"@type\":\"Person\",\"@id\":\"https:\/\/ukraine.hia.hu\/hu\/#\/schema\/person\/5618a1171741e8bbb81c8a76bfcdbfea\",\"name\":\"HIA\",\"image\":{\"@type\":\"ImageObject\",\"inLanguage\":\"hu\",\"@id\":\"https:\/\/ukraine.hia.hu\/hu\/#\/schema\/person\/image\/\",\"url\":\"https:\/\/secure.gravatar.com\/avatar\/0eb37bd0c23121a70100851bb2e0123c?s=96&d=mm&r=g\",\"contentUrl\":\"https:\/\/secure.gravatar.com\/avatar\/0eb37bd0c23121a70100851bb2e0123c?s=96&d=mm&r=g\",\"caption\":\"HIA\"},\"sameAs\":[\"http:\/\/www.hia.hu\"]}]}<\/script>\n<!-- \/ Yoast SEO plugin. -->","yoast_head_json":{"title":"\u00d3vod\u00e1t adtunk \u00e1t Beregsz\u00e1szon | Az \u00d6kumenikus Seg\u00e9lyszervezet Ukrajn\u00e1ban","robots":{"index":"index","follow":"follow","max-snippet":"max-snippet:-1","max-image-preview":"max-image-preview:large","max-video-preview":"max-video-preview:-1"},"canonical":"https:\/\/ukraine.hia.hu\/hu\/ovodat-adtunk-at-beregszaszon\/","og_locale":"hu_HU","og_type":"article","og_title":"\u00d3vod\u00e1t adtunk \u00e1t Beregsz\u00e1szon | Az \u00d6kumenikus Seg\u00e9lyszervezet Ukrajn\u00e1ban","og_description":"Lehel L\u00e1szl\u00f3, a Seg\u00e9lyszervezet eln\u00f6k-igazgat\u00f3ja Magyar Levent\u00e9vel, a K\u00fclgazdas\u00e1gi \u00e9s K\u00fcl\u00fcgyminiszt\u00e9rium miniszterhelyettes\u00e9vel \u00e9s Viktor Mikita\u00a0K\u00e1rp\u00e1talja katonai korm\u00e1nyz\u00f3j\u00e1val k\u00f6z\u00f6sen adta \u00e1t a 35 gyermek ell\u00e1t\u00e1s\u00e1ra alkalmas, k\u00fcls\u0151 \u00e9s bels\u0151 fel\u00faj\u00edt\u00e1son \u00e1tesett int\u00e9zm\u00e9nyt.\u00a0\u00a0 A 2016-ban indult beruh\u00e1z\u00e1s jelent\u0151s magyar korm\u00e1nyzati t\u00e1mogat\u00e1ssal val\u00f3sult meg, melyhez a Kultur\u00e1lis \u00e9s Innov\u00e1ci\u00f3s Miniszt\u00e9rium Csal\u00e1d\u00fcgyi T\u00e1mogat\u00e1si F\u0151oszt\u00e1lya,\u00a0a Bethlen Alap, illetve t\u00f6bb c\u00e9g...","og_url":"https:\/\/ukraine.hia.hu\/hu\/ovodat-adtunk-at-beregszaszon\/","og_site_name":"Az \u00d6kumenikus Seg\u00e9lyszervezet Ukrajn\u00e1ban","article_published_time":"2022-11-16T14:57:59+00:00","article_modified_time":"2022-11-16T15:04:07+00:00","og_image":[{"width":1440,"height":960,"url":"https:\/\/ukraine.hia.hu\/wp-content\/uploads\/DNEMS20221110013-scaled-1440x9999-1.jpg","type":"image\/jpeg"}],"author":"HIA","twitter_card":"summary_large_image","twitter_misc":{"Szerz\u0151:":"HIA","Becs\u00fclt olvas\u00e1si id\u0151":"2 perc"},"schema":{"@context":"https:\/\/schema.org","@graph":[{"@type":"Article","@id":"https:\/\/ukraine.hia.hu\/hu\/ovodat-adtunk-at-beregszaszon\/#article","isPartOf":{"@id":"https:\/\/ukraine.hia.hu\/hu\/ovodat-adtunk-at-beregszaszon\/"},"author":{"name":"HIA","@id":"https:\/\/ukraine.hia.hu\/hu\/#\/schema\/person\/5618a1171741e8bbb81c8a76bfcdbfea"},"headline":"\u00d3vod\u00e1t adtunk \u00e1t Beregsz\u00e1szon","datePublished":"2022-11-16T14:57:59+00:00","dateModified":"2022-11-16T15:04:07+00:00","mainEntityOfPage":{"@id":"https:\/\/ukraine.hia.hu\/hu\/ovodat-adtunk-at-beregszaszon\/"},"wordCount":358,"commentCount":0,"publisher":{"@id":"https:\/\/ukraine.hia.hu\/hu\/#organization"},"image":{"@id":"https:\/\/ukraine.hia.hu\/hu\/ovodat-adtunk-at-beregszaszon\/#primaryimage"},"thumbnailUrl":"https:\/\/ukraine.hia.hu\/wp-content\/uploads\/DNEMS20221110013-scaled-1440x9999-1.jpg","articleSection":["H\u00edrek"],"inLanguage":"hu","potentialAction":[{"@type":"CommentAction","name":"Comment","target":["https:\/\/ukraine.hia.hu\/hu\/ovodat-adtunk-at-beregszaszon\/#respond"]}]},{"@type":"WebPage","@id":"https:\/\/ukraine.hia.hu\/hu\/ovodat-adtunk-at-beregszaszon\/","url":"https:\/\/ukraine.hia.hu\/hu\/ovodat-adtunk-at-beregszaszon\/","name":"\u00d3vod\u00e1t adtunk \u00e1t Beregsz\u00e1szon | Az \u00d6kumenikus Seg\u00e9lyszervezet Ukrajn\u00e1ban","isPartOf":{"@id":"https:\/\/ukraine.hia.hu\/hu\/#website"},"primaryImageOfPage":{"@id":"https:\/\/ukraine.hia.hu\/hu\/ovodat-adtunk-at-beregszaszon\/#primaryimage"},"image":{"@id":"https:\/\/ukraine.hia.hu\/hu\/ovodat-adtunk-at-beregszaszon\/#primaryimage"},"thumbnailUrl":"https:\/\/ukraine.hia.hu\/wp-content\/uploads\/DNEMS20221110013-scaled-1440x9999-1.jpg","datePublished":"2022-11-16T14:57:59+00:00","dateModified":"2022-11-16T15:04:07+00:00","breadcrumb":{"@id":"https:\/\/ukraine.hia.hu\/hu\/ovodat-adtunk-at-beregszaszon\/#breadcrumb"},"inLanguage":"hu","potentialAction":[{"@type":"ReadAction","target":["https:\/\/ukraine.hia.hu\/hu\/ovodat-adtunk-at-beregszaszon\/"]}]},{"@type":"ImageObject","inLanguage":"hu","@id":"https:\/\/ukraine.hia.hu\/hu\/ovodat-adtunk-at-beregszaszon\/#primaryimage","url":"https:\/\/ukraine.hia.hu\/wp-content\/uploads\/DNEMS20221110013-scaled-1440x9999-1.jpg","contentUrl":"https:\/\/ukraine.hia.hu\/wp-content\/uploads\/DNEMS20221110013-scaled-1440x9999-1.jpg","width":1440,"height":960,"caption":"Beregsz\u00e1sz, 2022. november 10. A magyar \u00e1llam t\u00e1mogat\u00e1s\u00e1val megval\u00f3s\u00edtott beregsz\u00e1szi \u00f3voda az \u00e1tad\u00e1s napj\u00e1n, 2022. november 10-\u00e9n. MTI\/Nemes J\u00e1nos"},{"@type":"BreadcrumbList","@id":"https:\/\/ukraine.hia.hu\/hu\/ovodat-adtunk-at-beregszaszon\/#breadcrumb","itemListElement":[{"@type":"ListItem","position":1,"name":"Kezd\u0151lap","item":"https:\/\/ukraine.hia.hu\/hu\/"},{"@type":"ListItem","position":2,"name":"\u00d3vod\u00e1t adtunk \u00e1t Beregsz\u00e1szon"}]},{"@type":"WebSite","@id":"https:\/\/ukraine.hia.hu\/hu\/#website","url":"https:\/\/ukraine.hia.hu\/hu\/","name":"Az \u00d6kumenikus Seg\u00e9lyszervezet Ukrajn\u00e1ban","description":"Az \u00d6kumenikus Seg\u00e9lyszervezet Ukrajn\u00e1ban","publisher":{"@id":"https:\/\/ukraine.hia.hu\/hu\/#organization"},"potentialAction":[{"@type":"SearchAction","target":{"@type":"EntryPoint","urlTemplate":"https:\/\/ukraine.hia.hu\/hu\/?s={search_term_string}"},"query-input":"required name=search_term_string"}],"inLanguage":"hu"},{"@type":"Organization","@id":"https:\/\/ukraine.hia.hu\/hu\/#organization","name":"HIA Hungary","url":"https:\/\/ukraine.hia.hu\/hu\/","logo":{"@type":"ImageObject","inLanguage":"hu","@id":"https:\/\/ukraine.hia.hu\/hu\/#\/schema\/logo\/image\/","url":"https:\/\/ukraine.hia.hu\/wp-content\/uploads\/footer_logo.png","contentUrl":"https:\/\/ukraine.hia.hu\/wp-content\/uploads\/footer_logo.png","width":350,"height":427,"caption":"HIA Hungary"},"image":{"@id":"https:\/\/ukraine.hia.hu\/hu\/#\/schema\/logo\/image\/"}},{"@type":"Person","@id":"https:\/\/ukraine.hia.hu\/hu\/#\/schema\/person\/5618a1171741e8bbb81c8a76bfcdbfea","name":"HIA","image":{"@type":"ImageObject","inLanguage":"hu","@id":"https:\/\/ukraine.hia.hu\/hu\/#\/schema\/person\/image\/","url":"https:\/\/secure.gravatar.com\/avatar\/0eb37bd0c23121a70100851bb2e0123c?s=96&d=mm&r=g","contentUrl":"https:\/\/secure.gravatar.com\/avatar\/0eb37bd0c23121a70100851bb2e0123c?s=96&d=mm&r=g","caption":"HIA"},"sameAs":["http:\/\/www.hia.hu"]}]}},"_links":{"self":[{"href":"https:\/\/ukraine.hia.hu\/hu\/wp-json\/wp\/v2\/posts\/5471"}],"collection":[{"href":"https:\/\/ukraine.hia.hu\/hu\/wp-json\/wp\/v2\/posts"}],"about":[{"href":"https:\/\/ukraine.hia.hu\/hu\/wp-json\/wp\/v2\/types\/post"}],"author":[{"embeddable":true,"href":"https:\/\/ukraine.hia.hu\/hu\/wp-json\/wp\/v2\/users\/1"}],"replies":[{"embeddable":true,"href":"https:\/\/ukraine.hia.hu\/hu\/wp-json\/wp\/v2\/comments?post=5471"}],"version-history":[{"count":6,"href":"https:\/\/ukraine.hia.hu\/hu\/wp-json\/wp\/v2\/posts\/5471\/revisions"}],"predecessor-version":[{"id":5477,"href":"https:\/\/ukraine.hia.hu\/hu\/wp-json\/wp\/v2\/posts\/5471\/revisions\/5477"}],"wp:featuredmedia":[{"embeddable":true,"href":"https:\/\/ukraine.hia.hu\/hu\/wp-json\/wp\/v2\/media\/5462"}],"wp:attachment":[{"href":"https:\/\/ukraine.hia.hu\/hu\/wp-json\/wp\/v2\/media?parent=5471"}],"wp:term":[{"taxonomy":"category","embeddable":true,"href":"https:\/\/ukraine.hia.hu\/hu\/wp-json\/wp\/v2\/categories?post=5471"},{"taxonomy":"post_tag","embeddable":true,"href":"https:\/\/ukraine.hia.hu\/hu\/wp-json\/wp\/v2\/tags?post=5471"}],"curies":[{"name":"wp","href":"https:\/\/api.w.org\/{rel}","templated":true}]}}