{"id":6183,"date":"2023-01-11T12:08:59","date_gmt":"2023-01-11T10:08:59","guid":{"rendered":"https:\/\/ukraine.hia.hu\/?p=6183"},"modified":"2023-01-16T10:17:09","modified_gmt":"2023-01-16T08:17:09","slug":"ukran-magyar-istentisztelet-a-bekeert-sopronban","status":"publish","type":"post","link":"https:\/\/ukraine.hia.hu\/hu\/ukran-magyar-istentisztelet-a-bekeert-sopronban\/","title":{"rendered":"Ukr\u00e1n-magyar istentisztelet a b\u00e9k\u00e9\u00e9rt Sopronban"},"content":{"rendered":"\t\t<div data-elementor-type=\"wp-post\" data-elementor-id=\"6183\" class=\"elementor elementor-6183\">\n\t\t\t\t\t\t<section class=\"elementor-section elementor-top-section elementor-element elementor-element-8d0f96e elementor-section-boxed elementor-section-height-default elementor-section-height-default\" data-id=\"8d0f96e\" data-element_type=\"section\">\n\t\t\t\t\t\t<div class=\"elementor-container elementor-column-gap-default\">\n\t\t\t\t\t<div class=\"elementor-column elementor-col-100 elementor-top-column elementor-element elementor-element-a34b1e1\" data-id=\"a34b1e1\" data-element_type=\"column\">\n\t\t\t<div class=\"elementor-widget-wrap elementor-element-populated\">\n\t\t\t\t\t\t<div class=\"elementor-element elementor-element-139b46b elementor-widget elementor-widget-text-editor\" data-id=\"139b46b\" data-element_type=\"widget\" data-widget_type=\"text-editor.default\">\n\t\t\t\t<div class=\"elementor-widget-container\">\n\t\t\t<style>\/*! elementor - v3.20.0 - 13-03-2024 *\/\n.elementor-widget-text-editor.elementor-drop-cap-view-stacked .elementor-drop-cap{background-color:#69727d;color:#fff}.elementor-widget-text-editor.elementor-drop-cap-view-framed .elementor-drop-cap{color:#69727d;border:3px solid;background-color:transparent}.elementor-widget-text-editor:not(.elementor-drop-cap-view-default) .elementor-drop-cap{margin-top:8px}.elementor-widget-text-editor:not(.elementor-drop-cap-view-default) .elementor-drop-cap-letter{width:1em;height:1em}.elementor-widget-text-editor .elementor-drop-cap{float:left;text-align:center;line-height:1;font-size:50px}.elementor-widget-text-editor .elementor-drop-cap-letter{display:inline-block}<\/style>\t\t\t\t<p><strong>Ukr\u00e1n \u00e9s magyar nyelven tartottak istentiszteletet vas\u00e1rnap a Soproni Evang\u00e9likus Egyh\u00e1zk\u00f6zs\u00e9g gy\u00fclekezeti h\u00e1z\u00e1ban a Magyar \u00d6kumenikus Seg\u00e9lyszervezet soproni Szoci\u00e1lis \u00e9s Fejleszt\u0151k\u00f6zpontja \u00e9s a Magyar P\u00fcnk\u00f6sdi Egyh\u00e1z soproni gy\u00fclekezete szervez\u00e9s\u00e9ben.<\/strong><\/p><p>A k\u00f6z\u00f6s im\u00e1ds\u00e1gon magyarok \u00e9s ukr\u00e1n menek\u00fcltek egyar\u00e1nt nagy sz\u00e1mban vettek r\u00e9szt. Az istentisztelet elej\u00e9n k\u00f6sz\u00f6nt\u0151t mondott Dem\u00e9ny Anita, az \u00d6kumenikus Seg\u00e9lyszervezet Szoci\u00e1lis \u00e9s Fejleszt\u0151k\u00f6zpont Sopron vezet\u0151je.<\/p><p>\u00a0\u201eA h\u00e1bor\u00fas konfliktus \u00f3ta igyeksz\u00fcnk k\u00fcl\u00f6nb\u00f6z\u0151 programokat biztos\u00edtani az ukr\u00e1n menek\u00fclteknek. K\u00f6z\u00f6ss\u00e9gi rendezv\u00e9nyekkel, az integr\u00e1ci\u00f3s folyamatban, az \u00f6nfenntart\u00e1sban \u00e9s az \u00f6nell\u00e1t\u00e1sban ny\u00fajtunk nekik seg\u00edts\u00e9get. Nyelvtanfolyamot is ind\u00edtottunk, valamint igyeksz\u00fcnk mindent megtenni az\u00e9rt, hogy a beilleszked\u00e9s\u00fck min\u00e9l z\u00f6kken\u0151mentesebben val\u00f3suljon meg\u201d \u2013 tette hozz\u00e1 Dem\u00e9ny Anita.<\/p><p>Az istentisztelet dr. T\u00f3th K\u00e1roly evang\u00e9likus lelk\u00e9sz vezet\u00e9s\u00e9vel egy k\u00f6z\u00f6s im\u00e1ds\u00e1ggal folytat\u00f3dott.<\/p><p>A megjelentekhez sz\u00f3lt Michael Balko munk\u00e1csi lelk\u00e9sz is, aki igehirdet\u00e9s\u00e9ben elmondta: nagy \u00f6r\u00f6mmel \u00e9rkezett Sopronba. \u201eHallottam, hogy sok menek\u00fclt \u00e9rkezett ebbe a r\u00e9gi\u00f3ba, ezen bel\u00fcl Sopronba. \u00d6r\u00f6m\u00f6mre szolg\u00e1lt, hogy ma szem\u00e9lyesen besz\u00e9lhetek ezekkel az emberekkel, \u00e9s elmondhatom nekik, hogy van rem\u00e9ny. Sz\u00edvesen \u00e9rkeztem ide, im\u00e1dkoztam \u00e9rt\u00fck, \u00e9s k\u00f6z\u00f6sen is im\u00e1dkozunk a b\u00e9k\u00e9\u00e9rt Ukrajn\u00e1ban \u2013 hangs\u00falyozta Michael Balko.<\/p><p>Az \u00d6kumenikus Seg\u00e9lyszervezet soproni Szoci\u00e1lis- \u00e9s Fejleszt\u0151k\u00f6zpontj\u00e1nak ukr\u00e1n menek\u00fcltekkel v\u00e9gzett munk\u00e1j\u00e1r\u00f3l b\u0151vebben <u><a href=\"https:\/\/ukraine.hia.hu\/hu\/segitseg-sopron\/\">itt<\/a><\/u> olvashat.<\/p>\t\t\t\t\t\t<\/div>\n\t\t\t\t<\/div>\n\t\t\t\t\t<\/div>\n\t\t<\/div>\n\t\t\t\t\t<\/div>\n\t\t<\/section>\n\t\t\t\t<section class=\"elementor-section elementor-top-section elementor-element elementor-element-8bccdc7 elementor-section-boxed elementor-section-height-default elementor-section-height-default\" data-id=\"8bccdc7\" data-element_type=\"section\">\n\t\t\t\t\t\t<div class=\"elementor-container elementor-column-gap-default\">\n\t\t\t\t\t<div class=\"elementor-column elementor-col-100 elementor-top-column elementor-element elementor-element-0f14683\" data-id=\"0f14683\" data-element_type=\"column\">\n\t\t\t<div class=\"elementor-widget-wrap elementor-element-populated\">\n\t\t\t\t\t\t<section class=\"elementor-section elementor-inner-section elementor-element elementor-element-a7ff645 elementor-section-boxed elementor-section-height-default elementor-section-height-default\" data-id=\"a7ff645\" data-element_type=\"section\">\n\t\t\t\t\t\t<div class=\"elementor-container elementor-column-gap-default\">\n\t\t\t\t\t<div class=\"elementor-column elementor-col-50 elementor-inner-column elementor-element elementor-element-8ea2fb5\" data-id=\"8ea2fb5\" data-element_type=\"column\">\n\t\t\t<div class=\"elementor-widget-wrap elementor-element-populated\">\n\t\t\t\t\t\t<div class=\"elementor-element elementor-element-0dff19e elementor-widget elementor-widget-image\" data-id=\"0dff19e\" data-element_type=\"widget\" data-widget_type=\"image.default\">\n\t\t\t\t<div class=\"elementor-widget-container\">\n\t\t\t<style>\/*! elementor - v3.20.0 - 13-03-2024 *\/\n.elementor-widget-image{text-align:center}.elementor-widget-image a{display:inline-block}.elementor-widget-image a img[src$=\".svg\"]{width:48px}.elementor-widget-image img{vertical-align:middle;display:inline-block}<\/style>\t\t\t\t\t\t\t\t\t\t<img fetchpriority=\"high\" decoding=\"async\" width=\"1024\" height=\"768\" src=\"https:\/\/ukraine.hia.hu\/wp-content\/uploads\/20230108_172849-1024x768.jpg\" class=\"attachment-large size-large wp-image-6188\" alt=\"\" srcset=\"https:\/\/ukraine.hia.hu\/wp-content\/uploads\/20230108_172849-1024x768.jpg 1024w, https:\/\/ukraine.hia.hu\/wp-content\/uploads\/20230108_172849-300x225.jpg 300w, https:\/\/ukraine.hia.hu\/wp-content\/uploads\/20230108_172849-768x576.jpg 768w, https:\/\/ukraine.hia.hu\/wp-content\/uploads\/20230108_172849-1536x1152.jpg 1536w, https:\/\/ukraine.hia.hu\/wp-content\/uploads\/20230108_172849-2048x1536.jpg 2048w\" sizes=\"(max-width: 1024px) 100vw, 1024px\" \/>\t\t\t\t\t\t\t\t\t\t\t\t\t<\/div>\n\t\t\t\t<\/div>\n\t\t\t\t\t<\/div>\n\t\t<\/div>\n\t\t\t\t<div class=\"elementor-column elementor-col-50 elementor-inner-column elementor-element elementor-element-a93dda6\" data-id=\"a93dda6\" data-element_type=\"column\">\n\t\t\t<div class=\"elementor-widget-wrap elementor-element-populated\">\n\t\t\t\t\t\t<div class=\"elementor-element elementor-element-6bc84a3 elementor-widget elementor-widget-image\" data-id=\"6bc84a3\" data-element_type=\"widget\" data-widget_type=\"image.default\">\n\t\t\t\t<div class=\"elementor-widget-container\">\n\t\t\t\t\t\t\t\t\t\t\t\t\t<img decoding=\"async\" width=\"1024\" height=\"768\" src=\"https:\/\/ukraine.hia.hu\/wp-content\/uploads\/20230108_171656-1024x768.jpg\" class=\"attachment-large size-large wp-image-6185\" alt=\"\" srcset=\"https:\/\/ukraine.hia.hu\/wp-content\/uploads\/20230108_171656-1024x768.jpg 1024w, https:\/\/ukraine.hia.hu\/wp-content\/uploads\/20230108_171656-300x225.jpg 300w, https:\/\/ukraine.hia.hu\/wp-content\/uploads\/20230108_171656-768x576.jpg 768w, https:\/\/ukraine.hia.hu\/wp-content\/uploads\/20230108_171656-1536x1152.jpg 1536w, https:\/\/ukraine.hia.hu\/wp-content\/uploads\/20230108_171656-2048x1536.jpg 2048w\" sizes=\"(max-width: 1024px) 100vw, 1024px\" \/>\t\t\t\t\t\t\t\t\t\t\t\t\t<\/div>\n\t\t\t\t<\/div>\n\t\t\t\t\t<\/div>\n\t\t<\/div>\n\t\t\t\t\t<\/div>\n\t\t<\/section>\n\t\t\t\t\t<\/div>\n\t\t<\/div>\n\t\t\t\t\t<\/div>\n\t\t<\/section>\n\t\t\t\t<\/div>\n\t\t","protected":false},"excerpt":{"rendered":"<p>Ukr\u00e1n \u00e9s magyar nyelven tartottak istentiszteletet vas\u00e1rnap a Soproni Evang\u00e9likus Egyh\u00e1zk\u00f6zs\u00e9g gy\u00fclekezeti h\u00e1z\u00e1ban a Magyar \u00d6kumenikus Seg\u00e9lyszervezet soproni Szoci\u00e1lis \u00e9s Fejleszt\u0151k\u00f6zpontja \u00e9s a Magyar P\u00fcnk\u00f6sdi Egyh\u00e1z soproni gy\u00fclekezete szervez\u00e9s\u00e9ben. A k\u00f6z\u00f6s im\u00e1ds\u00e1gon magyarok \u00e9s ukr\u00e1n menek\u00fcltek egyar\u00e1nt nagy sz\u00e1mban vettek r\u00e9szt. Az istentisztelet elej\u00e9n k\u00f6sz\u00f6nt\u0151t mondott Dem\u00e9ny Anita, az \u00d6kumenikus Seg\u00e9lyszervezet Szoci\u00e1lis \u00e9s Fejleszt\u0151k\u00f6zpont Sopron&#8230;<\/p>\n","protected":false},"author":1,"featured_media":6199,"comment_status":"open","ping_status":"open","sticky":false,"template":"","format":"standard","meta":{"_acf_changed":false,"_kad_post_transparent":"default","_kad_post_title":"default","_kad_post_layout":"default","_kad_post_sidebar_id":"","_kad_post_content_style":"default","_kad_post_vertical_padding":"default","_kad_post_feature":"","_kad_post_feature_position":"","_kad_post_header":false,"_kad_post_footer":false,"footnotes":"","_wp_rev_ctl_limit":""},"categories":[105],"tags":[63,99],"acf":[],"yoast_head":"<!-- This site is optimized with the Yoast SEO plugin v22.2 - https:\/\/yoast.com\/wordpress\/plugins\/seo\/ -->\n<title>Ukr\u00e1n-magyar istentisztelet a b\u00e9k\u00e9\u00e9rt Sopronban | Az \u00d6kumenikus Seg\u00e9lyszervezet Ukrajn\u00e1ban<\/title>\n<meta name=\"robots\" content=\"index, follow, max-snippet:-1, max-image-preview:large, max-video-preview:-1\" \/>\n<link rel=\"canonical\" href=\"https:\/\/ukraine.hia.hu\/hu\/ukran-magyar-istentisztelet-a-bekeert-sopronban\/\" \/>\n<meta property=\"og:locale\" content=\"hu_HU\" \/>\n<meta property=\"og:type\" content=\"article\" \/>\n<meta property=\"og:title\" content=\"Ukr\u00e1n-magyar istentisztelet a b\u00e9k\u00e9\u00e9rt Sopronban | Az \u00d6kumenikus Seg\u00e9lyszervezet Ukrajn\u00e1ban\" \/>\n<meta property=\"og:description\" content=\"Ukr\u00e1n \u00e9s magyar nyelven tartottak istentiszteletet vas\u00e1rnap a Soproni Evang\u00e9likus Egyh\u00e1zk\u00f6zs\u00e9g gy\u00fclekezeti h\u00e1z\u00e1ban a Magyar \u00d6kumenikus Seg\u00e9lyszervezet soproni Szoci\u00e1lis \u00e9s Fejleszt\u0151k\u00f6zpontja \u00e9s a Magyar P\u00fcnk\u00f6sdi Egyh\u00e1z soproni gy\u00fclekezete szervez\u00e9s\u00e9ben. A k\u00f6z\u00f6s im\u00e1ds\u00e1gon magyarok \u00e9s ukr\u00e1n menek\u00fcltek egyar\u00e1nt nagy sz\u00e1mban vettek r\u00e9szt. Az istentisztelet elej\u00e9n k\u00f6sz\u00f6nt\u0151t mondott Dem\u00e9ny Anita, az \u00d6kumenikus Seg\u00e9lyszervezet Szoci\u00e1lis \u00e9s Fejleszt\u0151k\u00f6zpont Sopron...\" \/>\n<meta property=\"og:url\" content=\"https:\/\/ukraine.hia.hu\/hu\/ukran-magyar-istentisztelet-a-bekeert-sopronban\/\" \/>\n<meta property=\"og:site_name\" content=\"Az \u00d6kumenikus Seg\u00e9lyszervezet Ukrajn\u00e1ban\" \/>\n<meta property=\"article:published_time\" content=\"2023-01-11T10:08:59+00:00\" \/>\n<meta property=\"article:modified_time\" content=\"2023-01-16T08:17:09+00:00\" \/>\n<meta property=\"og:image\" content=\"https:\/\/ukraine.hia.hu\/wp-content\/uploads\/sopron_istentisztelet-1.jpg\" \/>\n\t<meta property=\"og:image:width\" content=\"1292\" \/>\n\t<meta property=\"og:image:height\" content=\"590\" \/>\n\t<meta property=\"og:image:type\" content=\"image\/jpeg\" \/>\n<meta name=\"author\" content=\"HIA\" \/>\n<meta name=\"twitter:card\" content=\"summary_large_image\" \/>\n<meta name=\"twitter:label1\" content=\"Szerz\u0151:\" \/>\n\t<meta name=\"twitter:data1\" content=\"HIA\" \/>\n\t<meta name=\"twitter:label2\" content=\"Becs\u00fclt olvas\u00e1si id\u0151\" \/>\n\t<meta name=\"twitter:data2\" content=\"2 perc\" \/>\n<script type=\"application\/ld+json\" class=\"yoast-schema-graph\">{\"@context\":\"https:\/\/schema.org\",\"@graph\":[{\"@type\":\"Article\",\"@id\":\"https:\/\/ukraine.hia.hu\/hu\/ukran-magyar-istentisztelet-a-bekeert-sopronban\/#article\",\"isPartOf\":{\"@id\":\"https:\/\/ukraine.hia.hu\/hu\/ukran-magyar-istentisztelet-a-bekeert-sopronban\/\"},\"author\":{\"name\":\"HIA\",\"@id\":\"https:\/\/ukraine.hia.hu\/hu\/#\/schema\/person\/5618a1171741e8bbb81c8a76bfcdbfea\"},\"headline\":\"Ukr\u00e1n-magyar istentisztelet a b\u00e9k\u00e9\u00e9rt Sopronban\",\"datePublished\":\"2023-01-11T10:08:59+00:00\",\"dateModified\":\"2023-01-16T08:17:09+00:00\",\"mainEntityOfPage\":{\"@id\":\"https:\/\/ukraine.hia.hu\/hu\/ukran-magyar-istentisztelet-a-bekeert-sopronban\/\"},\"wordCount\":307,\"commentCount\":0,\"publisher\":{\"@id\":\"https:\/\/ukraine.hia.hu\/hu\/#organization\"},\"image\":{\"@id\":\"https:\/\/ukraine.hia.hu\/hu\/ukran-magyar-istentisztelet-a-bekeert-sopronban\/#primaryimage\"},\"thumbnailUrl\":\"https:\/\/ukraine.hia.hu\/wp-content\/uploads\/sopron_istentisztelet-1.jpg\",\"keywords\":[\"menek\u00fcltek\",\"sopron\"],\"articleSection\":[\"Sopron\"],\"inLanguage\":\"hu\",\"potentialAction\":[{\"@type\":\"CommentAction\",\"name\":\"Comment\",\"target\":[\"https:\/\/ukraine.hia.hu\/hu\/ukran-magyar-istentisztelet-a-bekeert-sopronban\/#respond\"]}]},{\"@type\":\"WebPage\",\"@id\":\"https:\/\/ukraine.hia.hu\/hu\/ukran-magyar-istentisztelet-a-bekeert-sopronban\/\",\"url\":\"https:\/\/ukraine.hia.hu\/hu\/ukran-magyar-istentisztelet-a-bekeert-sopronban\/\",\"name\":\"Ukr\u00e1n-magyar istentisztelet a b\u00e9k\u00e9\u00e9rt Sopronban | Az \u00d6kumenikus Seg\u00e9lyszervezet Ukrajn\u00e1ban\",\"isPartOf\":{\"@id\":\"https:\/\/ukraine.hia.hu\/hu\/#website\"},\"primaryImageOfPage\":{\"@id\":\"https:\/\/ukraine.hia.hu\/hu\/ukran-magyar-istentisztelet-a-bekeert-sopronban\/#primaryimage\"},\"image\":{\"@id\":\"https:\/\/ukraine.hia.hu\/hu\/ukran-magyar-istentisztelet-a-bekeert-sopronban\/#primaryimage\"},\"thumbnailUrl\":\"https:\/\/ukraine.hia.hu\/wp-content\/uploads\/sopron_istentisztelet-1.jpg\",\"datePublished\":\"2023-01-11T10:08:59+00:00\",\"dateModified\":\"2023-01-16T08:17:09+00:00\",\"breadcrumb\":{\"@id\":\"https:\/\/ukraine.hia.hu\/hu\/ukran-magyar-istentisztelet-a-bekeert-sopronban\/#breadcrumb\"},\"inLanguage\":\"hu\",\"potentialAction\":[{\"@type\":\"ReadAction\",\"target\":[\"https:\/\/ukraine.hia.hu\/hu\/ukran-magyar-istentisztelet-a-bekeert-sopronban\/\"]}]},{\"@type\":\"ImageObject\",\"inLanguage\":\"hu\",\"@id\":\"https:\/\/ukraine.hia.hu\/hu\/ukran-magyar-istentisztelet-a-bekeert-sopronban\/#primaryimage\",\"url\":\"https:\/\/ukraine.hia.hu\/wp-content\/uploads\/sopron_istentisztelet-1.jpg\",\"contentUrl\":\"https:\/\/ukraine.hia.hu\/wp-content\/uploads\/sopron_istentisztelet-1.jpg\",\"width\":1292,\"height\":590},{\"@type\":\"BreadcrumbList\",\"@id\":\"https:\/\/ukraine.hia.hu\/hu\/ukran-magyar-istentisztelet-a-bekeert-sopronban\/#breadcrumb\",\"itemListElement\":[{\"@type\":\"ListItem\",\"position\":1,\"name\":\"Kezd\u0151lap\",\"item\":\"https:\/\/ukraine.hia.hu\/hu\/\"},{\"@type\":\"ListItem\",\"position\":2,\"name\":\"Ukr\u00e1n-magyar istentisztelet a b\u00e9k\u00e9\u00e9rt Sopronban\"}]},{\"@type\":\"WebSite\",\"@id\":\"https:\/\/ukraine.hia.hu\/hu\/#website\",\"url\":\"https:\/\/ukraine.hia.hu\/hu\/\",\"name\":\"Az \u00d6kumenikus Seg\u00e9lyszervezet Ukrajn\u00e1ban\",\"description\":\"Az \u00d6kumenikus Seg\u00e9lyszervezet Ukrajn\u00e1ban\",\"publisher\":{\"@id\":\"https:\/\/ukraine.hia.hu\/hu\/#organization\"},\"potentialAction\":[{\"@type\":\"SearchAction\",\"target\":{\"@type\":\"EntryPoint\",\"urlTemplate\":\"https:\/\/ukraine.hia.hu\/hu\/?s={search_term_string}\"},\"query-input\":\"required name=search_term_string\"}],\"inLanguage\":\"hu\"},{\"@type\":\"Organization\",\"@id\":\"https:\/\/ukraine.hia.hu\/hu\/#organization\",\"name\":\"HIA Hungary\",\"url\":\"https:\/\/ukraine.hia.hu\/hu\/\",\"logo\":{\"@type\":\"ImageObject\",\"inLanguage\":\"hu\",\"@id\":\"https:\/\/ukraine.hia.hu\/hu\/#\/schema\/logo\/image\/\",\"url\":\"https:\/\/ukraine.hia.hu\/wp-content\/uploads\/footer_logo.png\",\"contentUrl\":\"https:\/\/ukraine.hia.hu\/wp-content\/uploads\/footer_logo.png\",\"width\":350,\"height\":427,\"caption\":\"HIA Hungary\"},\"image\":{\"@id\":\"https:\/\/ukraine.hia.hu\/hu\/#\/schema\/logo\/image\/\"}},{\"@type\":\"Person\",\"@id\":\"https:\/\/ukraine.hia.hu\/hu\/#\/schema\/person\/5618a1171741e8bbb81c8a76bfcdbfea\",\"name\":\"HIA\",\"image\":{\"@type\":\"ImageObject\",\"inLanguage\":\"hu\",\"@id\":\"https:\/\/ukraine.hia.hu\/hu\/#\/schema\/person\/image\/\",\"url\":\"https:\/\/secure.gravatar.com\/avatar\/0eb37bd0c23121a70100851bb2e0123c?s=96&d=mm&r=g\",\"contentUrl\":\"https:\/\/secure.gravatar.com\/avatar\/0eb37bd0c23121a70100851bb2e0123c?s=96&d=mm&r=g\",\"caption\":\"HIA\"},\"sameAs\":[\"http:\/\/www.hia.hu\"]}]}<\/script>\n<!-- \/ Yoast SEO plugin. -->","yoast_head_json":{"title":"Ukr\u00e1n-magyar istentisztelet a b\u00e9k\u00e9\u00e9rt Sopronban | Az \u00d6kumenikus Seg\u00e9lyszervezet Ukrajn\u00e1ban","robots":{"index":"index","follow":"follow","max-snippet":"max-snippet:-1","max-image-preview":"max-image-preview:large","max-video-preview":"max-video-preview:-1"},"canonical":"https:\/\/ukraine.hia.hu\/hu\/ukran-magyar-istentisztelet-a-bekeert-sopronban\/","og_locale":"hu_HU","og_type":"article","og_title":"Ukr\u00e1n-magyar istentisztelet a b\u00e9k\u00e9\u00e9rt Sopronban | Az \u00d6kumenikus Seg\u00e9lyszervezet Ukrajn\u00e1ban","og_description":"Ukr\u00e1n \u00e9s magyar nyelven tartottak istentiszteletet vas\u00e1rnap a Soproni Evang\u00e9likus Egyh\u00e1zk\u00f6zs\u00e9g gy\u00fclekezeti h\u00e1z\u00e1ban a Magyar \u00d6kumenikus Seg\u00e9lyszervezet soproni Szoci\u00e1lis \u00e9s Fejleszt\u0151k\u00f6zpontja \u00e9s a Magyar P\u00fcnk\u00f6sdi Egyh\u00e1z soproni gy\u00fclekezete szervez\u00e9s\u00e9ben. A k\u00f6z\u00f6s im\u00e1ds\u00e1gon magyarok \u00e9s ukr\u00e1n menek\u00fcltek egyar\u00e1nt nagy sz\u00e1mban vettek r\u00e9szt. Az istentisztelet elej\u00e9n k\u00f6sz\u00f6nt\u0151t mondott Dem\u00e9ny Anita, az \u00d6kumenikus Seg\u00e9lyszervezet Szoci\u00e1lis \u00e9s Fejleszt\u0151k\u00f6zpont Sopron...","og_url":"https:\/\/ukraine.hia.hu\/hu\/ukran-magyar-istentisztelet-a-bekeert-sopronban\/","og_site_name":"Az \u00d6kumenikus Seg\u00e9lyszervezet Ukrajn\u00e1ban","article_published_time":"2023-01-11T10:08:59+00:00","article_modified_time":"2023-01-16T08:17:09+00:00","og_image":[{"width":1292,"height":590,"url":"https:\/\/ukraine.hia.hu\/wp-content\/uploads\/sopron_istentisztelet-1.jpg","type":"image\/jpeg"}],"author":"HIA","twitter_card":"summary_large_image","twitter_misc":{"Szerz\u0151:":"HIA","Becs\u00fclt olvas\u00e1si id\u0151":"2 perc"},"schema":{"@context":"https:\/\/schema.org","@graph":[{"@type":"Article","@id":"https:\/\/ukraine.hia.hu\/hu\/ukran-magyar-istentisztelet-a-bekeert-sopronban\/#article","isPartOf":{"@id":"https:\/\/ukraine.hia.hu\/hu\/ukran-magyar-istentisztelet-a-bekeert-sopronban\/"},"author":{"name":"HIA","@id":"https:\/\/ukraine.hia.hu\/hu\/#\/schema\/person\/5618a1171741e8bbb81c8a76bfcdbfea"},"headline":"Ukr\u00e1n-magyar istentisztelet a b\u00e9k\u00e9\u00e9rt Sopronban","datePublished":"2023-01-11T10:08:59+00:00","dateModified":"2023-01-16T08:17:09+00:00","mainEntityOfPage":{"@id":"https:\/\/ukraine.hia.hu\/hu\/ukran-magyar-istentisztelet-a-bekeert-sopronban\/"},"wordCount":307,"commentCount":0,"publisher":{"@id":"https:\/\/ukraine.hia.hu\/hu\/#organization"},"image":{"@id":"https:\/\/ukraine.hia.hu\/hu\/ukran-magyar-istentisztelet-a-bekeert-sopronban\/#primaryimage"},"thumbnailUrl":"https:\/\/ukraine.hia.hu\/wp-content\/uploads\/sopron_istentisztelet-1.jpg","keywords":["menek\u00fcltek","sopron"],"articleSection":["Sopron"],"inLanguage":"hu","potentialAction":[{"@type":"CommentAction","name":"Comment","target":["https:\/\/ukraine.hia.hu\/hu\/ukran-magyar-istentisztelet-a-bekeert-sopronban\/#respond"]}]},{"@type":"WebPage","@id":"https:\/\/ukraine.hia.hu\/hu\/ukran-magyar-istentisztelet-a-bekeert-sopronban\/","url":"https:\/\/ukraine.hia.hu\/hu\/ukran-magyar-istentisztelet-a-bekeert-sopronban\/","name":"Ukr\u00e1n-magyar istentisztelet a b\u00e9k\u00e9\u00e9rt Sopronban | Az \u00d6kumenikus Seg\u00e9lyszervezet Ukrajn\u00e1ban","isPartOf":{"@id":"https:\/\/ukraine.hia.hu\/hu\/#website"},"primaryImageOfPage":{"@id":"https:\/\/ukraine.hia.hu\/hu\/ukran-magyar-istentisztelet-a-bekeert-sopronban\/#primaryimage"},"image":{"@id":"https:\/\/ukraine.hia.hu\/hu\/ukran-magyar-istentisztelet-a-bekeert-sopronban\/#primaryimage"},"thumbnailUrl":"https:\/\/ukraine.hia.hu\/wp-content\/uploads\/sopron_istentisztelet-1.jpg","datePublished":"2023-01-11T10:08:59+00:00","dateModified":"2023-01-16T08:17:09+00:00","breadcrumb":{"@id":"https:\/\/ukraine.hia.hu\/hu\/ukran-magyar-istentisztelet-a-bekeert-sopronban\/#breadcrumb"},"inLanguage":"hu","potentialAction":[{"@type":"ReadAction","target":["https:\/\/ukraine.hia.hu\/hu\/ukran-magyar-istentisztelet-a-bekeert-sopronban\/"]}]},{"@type":"ImageObject","inLanguage":"hu","@id":"https:\/\/ukraine.hia.hu\/hu\/ukran-magyar-istentisztelet-a-bekeert-sopronban\/#primaryimage","url":"https:\/\/ukraine.hia.hu\/wp-content\/uploads\/sopron_istentisztelet-1.jpg","contentUrl":"https:\/\/ukraine.hia.hu\/wp-content\/uploads\/sopron_istentisztelet-1.jpg","width":1292,"height":590},{"@type":"BreadcrumbList","@id":"https:\/\/ukraine.hia.hu\/hu\/ukran-magyar-istentisztelet-a-bekeert-sopronban\/#breadcrumb","itemListElement":[{"@type":"ListItem","position":1,"name":"Kezd\u0151lap","item":"https:\/\/ukraine.hia.hu\/hu\/"},{"@type":"ListItem","position":2,"name":"Ukr\u00e1n-magyar istentisztelet a b\u00e9k\u00e9\u00e9rt Sopronban"}]},{"@type":"WebSite","@id":"https:\/\/ukraine.hia.hu\/hu\/#website","url":"https:\/\/ukraine.hia.hu\/hu\/","name":"Az \u00d6kumenikus Seg\u00e9lyszervezet Ukrajn\u00e1ban","description":"Az \u00d6kumenikus Seg\u00e9lyszervezet Ukrajn\u00e1ban","publisher":{"@id":"https:\/\/ukraine.hia.hu\/hu\/#organization"},"potentialAction":[{"@type":"SearchAction","target":{"@type":"EntryPoint","urlTemplate":"https:\/\/ukraine.hia.hu\/hu\/?s={search_term_string}"},"query-input":"required name=search_term_string"}],"inLanguage":"hu"},{"@type":"Organization","@id":"https:\/\/ukraine.hia.hu\/hu\/#organization","name":"HIA Hungary","url":"https:\/\/ukraine.hia.hu\/hu\/","logo":{"@type":"ImageObject","inLanguage":"hu","@id":"https:\/\/ukraine.hia.hu\/hu\/#\/schema\/logo\/image\/","url":"https:\/\/ukraine.hia.hu\/wp-content\/uploads\/footer_logo.png","contentUrl":"https:\/\/ukraine.hia.hu\/wp-content\/uploads\/footer_logo.png","width":350,"height":427,"caption":"HIA Hungary"},"image":{"@id":"https:\/\/ukraine.hia.hu\/hu\/#\/schema\/logo\/image\/"}},{"@type":"Person","@id":"https:\/\/ukraine.hia.hu\/hu\/#\/schema\/person\/5618a1171741e8bbb81c8a76bfcdbfea","name":"HIA","image":{"@type":"ImageObject","inLanguage":"hu","@id":"https:\/\/ukraine.hia.hu\/hu\/#\/schema\/person\/image\/","url":"https:\/\/secure.gravatar.com\/avatar\/0eb37bd0c23121a70100851bb2e0123c?s=96&d=mm&r=g","contentUrl":"https:\/\/secure.gravatar.com\/avatar\/0eb37bd0c23121a70100851bb2e0123c?s=96&d=mm&r=g","caption":"HIA"},"sameAs":["http:\/\/www.hia.hu"]}]}},"_links":{"self":[{"href":"https:\/\/ukraine.hia.hu\/hu\/wp-json\/wp\/v2\/posts\/6183"}],"collection":[{"href":"https:\/\/ukraine.hia.hu\/hu\/wp-json\/wp\/v2\/posts"}],"about":[{"href":"https:\/\/ukraine.hia.hu\/hu\/wp-json\/wp\/v2\/types\/post"}],"author":[{"embeddable":true,"href":"https:\/\/ukraine.hia.hu\/hu\/wp-json\/wp\/v2\/users\/1"}],"replies":[{"embeddable":true,"href":"https:\/\/ukraine.hia.hu\/hu\/wp-json\/wp\/v2\/comments?post=6183"}],"version-history":[{"count":12,"href":"https:\/\/ukraine.hia.hu\/hu\/wp-json\/wp\/v2\/posts\/6183\/revisions"}],"predecessor-version":[{"id":6212,"href":"https:\/\/ukraine.hia.hu\/hu\/wp-json\/wp\/v2\/posts\/6183\/revisions\/6212"}],"wp:featuredmedia":[{"embeddable":true,"href":"https:\/\/ukraine.hia.hu\/hu\/wp-json\/wp\/v2\/media\/6199"}],"wp:attachment":[{"href":"https:\/\/ukraine.hia.hu\/hu\/wp-json\/wp\/v2\/media?parent=6183"}],"wp:term":[{"taxonomy":"category","embeddable":true,"href":"https:\/\/ukraine.hia.hu\/hu\/wp-json\/wp\/v2\/categories?post=6183"},{"taxonomy":"post_tag","embeddable":true,"href":"https:\/\/ukraine.hia.hu\/hu\/wp-json\/wp\/v2\/tags?post=6183"}],"curies":[{"name":"wp","href":"https:\/\/api.w.org\/{rel}","templated":true}]}}