{"id":6285,"date":"2023-01-19T11:42:33","date_gmt":"2023-01-19T09:42:33","guid":{"rendered":"https:\/\/ukraine.hia.hu\/?p=6285"},"modified":"2023-01-20T12:35:04","modified_gmt":"2023-01-20T10:35:04","slug":"osztas-ungvar-ortodox-puspokseg","status":"publish","type":"post","link":"https:\/\/ukraine.hia.hu\/hu\/osztas-ungvar-ortodox-puspokseg\/","title":{"rendered":"\u00c9lelmiszer- \u00e9s tisztas\u00e1gi csomagok bels\u0151 menek\u00fclteknek Ungv\u00e1ron"},"content":{"rendered":"\t\t<div data-elementor-type=\"wp-post\" data-elementor-id=\"6285\" class=\"elementor elementor-6285\">\n\t\t\t\t\t\t<section class=\"elementor-section elementor-top-section elementor-element elementor-element-9da4f09 elementor-section-boxed elementor-section-height-default elementor-section-height-default\" data-id=\"9da4f09\" data-element_type=\"section\">\n\t\t\t\t\t\t<div class=\"elementor-container elementor-column-gap-default\">\n\t\t\t\t\t<div class=\"elementor-column elementor-col-100 elementor-top-column elementor-element elementor-element-18db157\" data-id=\"18db157\" data-element_type=\"column\">\n\t\t\t<div class=\"elementor-widget-wrap elementor-element-populated\">\n\t\t\t\t\t\t<div class=\"elementor-element elementor-element-3078a34 elementor-widget elementor-widget-text-editor\" data-id=\"3078a34\" data-element_type=\"widget\" data-widget_type=\"text-editor.default\">\n\t\t\t\t<div class=\"elementor-widget-container\">\n\t\t\t<style>\/*! elementor - v3.20.0 - 13-03-2024 *\/\n.elementor-widget-text-editor.elementor-drop-cap-view-stacked .elementor-drop-cap{background-color:#69727d;color:#fff}.elementor-widget-text-editor.elementor-drop-cap-view-framed .elementor-drop-cap{color:#69727d;border:3px solid;background-color:transparent}.elementor-widget-text-editor:not(.elementor-drop-cap-view-default) .elementor-drop-cap{margin-top:8px}.elementor-widget-text-editor:not(.elementor-drop-cap-view-default) .elementor-drop-cap-letter{width:1em;height:1em}.elementor-widget-text-editor .elementor-drop-cap{float:left;text-align:center;line-height:1;font-size:50px}.elementor-widget-text-editor .elementor-drop-cap-letter{display:inline-block}<\/style>\t\t\t\t<p><b>A k\u00e1rp\u00e1taljai Ungv\u00e1ron t\u00e1mogatta a h\u00e1bor\u00fa \u00e1ltal legink\u00e1bb s\u00fajtott, kelet-ukrajnai r\u00e9gi\u00f3kb\u00f3l \u00e9rkez\u0151 bels\u0151 menek\u00fclteket az \u00d6kumenikus Seg\u00e9lyszervezet. A 37 raklapnyi tart\u00f3s\u00e9lelmiszert \u00e9s higi\u00e9niai term\u00e9ket a k\u00e1rp\u00e1taljai ukr\u00e1n pravoszl\u00e1v p\u00fcsp\u00f6ks\u00e9g fogadta \u00e9s osztotta ki az Ungv\u00e1ron \u00e9s a k\u00f6rnyez\u0151 falvakban \u00e9l\u0151 bels\u0151 menek\u00fclt csal\u00e1doknak janu\u00e1r 17-\u00e9n. A Seg\u00e9lyszervezet Ungv\u00e1rra k\u00fcld\u00f6tt sz\u00e1ll\u00edtm\u00e1ny\u00e1b\u00f3l a pravoszl\u00e1v p\u00fcsp\u00f6ks\u00e9g \u00f6nk\u00e9ntesek seg\u00edts\u00e9g\u00e9vel t\u00f6bb, mint 2500 r\u00e1szorul\u00f3nak \u00e1ll\u00edtott \u00f6ssze seg\u00e9lycsomagot.<\/b><\/p>\n<p>Ukrajna nyugati ter\u00fcletei, \u00edgy K\u00e1rp\u00e1talja is sz\u00e1mos h\u00e1bor\u00fa el\u0151l menek\u00fcl\u0151 embert fogadott be a lassan egy \u00e9ve tart\u00f3 h\u00e1bor\u00faban. A t\u00f6bb, mint 150.000 bels\u0151 menek\u00fclt k\u00e9tharmada a munk\u00e1csi \u00e9s az ungv\u00e1ri j\u00e1r\u00e1sban t\u00f6m\u00f6r\u00fcl \u2013 az \u0151 seg\u00edts\u00e9g\u00fckre sietett k\u00f6z\u00f6s seg\u00e9lyakci\u00f3juk keret\u00e9ben az \u00d6kumenikus Seg\u00e9lyszervezet a k\u00e1rp\u00e1taljai ukr\u00e1n pravoszl\u00e1v egyh\u00e1zmegye.<\/p>\n<p>Varszonofij p\u00fcsp\u00f6k hangs\u00falyozta: sz\u00e1mos seg\u00e9lyk\u00e9r\u00e9s \u00e9rkezett be hozz\u00e1juk, a sz\u00fcks\u00e9get szenved\u0151k pedig legink\u00e1bb \u00e9lelmiszert k\u00e9rnek t\u00e1mogat\u00e1sk\u00e9nt. Az infl\u00e1ci\u00f3 \u00e9s a t\u00e9rs\u00e9gbe \u00e1raml\u00f3 sok t\u00edzezer menek\u00fclt jelent\u0151sen megn\u00f6velte a lakb\u00e9reket is, melyek kifizet\u00e9se ut\u00e1n sokuknak alig-alig marad valami ennival\u00f3ra. A p\u00fcsp\u00f6k elmondta: az egyh\u00e1zmegye a humanit\u00e1rius seg\u00edts\u00e9gny\u00fajt\u00e1s mellett lelki t\u00e1mogat\u00e1st is biztos\u00edt, amire nagy ig\u00e9ny van, hiszen a h\u00e1bor\u00fas borzalmakat \u00e1t\u00e9lt embereknek sokszor neh\u00e9z feldolgozni a h\u00e1bor\u00fa okozta lelki traum\u00e1kat.<\/p>\t\t\t\t\t\t<\/div>\n\t\t\t\t<\/div>\n\t\t\t\t\t<\/div>\n\t\t<\/div>\n\t\t\t\t\t<\/div>\n\t\t<\/section>\n\t\t\t\t<section class=\"elementor-section elementor-top-section elementor-element elementor-element-bbe7e9d elementor-section-boxed elementor-section-height-default elementor-section-height-default\" data-id=\"bbe7e9d\" data-element_type=\"section\">\n\t\t\t\t\t\t<div class=\"elementor-container elementor-column-gap-default\">\n\t\t\t\t\t<div class=\"elementor-column elementor-col-100 elementor-top-column elementor-element elementor-element-de9aa58\" data-id=\"de9aa58\" data-element_type=\"column\">\n\t\t\t<div class=\"elementor-widget-wrap elementor-element-populated\">\n\t\t\t\t\t\t<div class=\"elementor-element elementor-element-adf153e elementor-widget elementor-widget-image\" data-id=\"adf153e\" data-element_type=\"widget\" data-widget_type=\"image.default\">\n\t\t\t\t<div class=\"elementor-widget-container\">\n\t\t\t<style>\/*! elementor - v3.20.0 - 13-03-2024 *\/\n.elementor-widget-image{text-align:center}.elementor-widget-image a{display:inline-block}.elementor-widget-image a img[src$=\".svg\"]{width:48px}.elementor-widget-image img{vertical-align:middle;display:inline-block}<\/style>\t\t\t\t\t\t\t\t\t\t<img fetchpriority=\"high\" decoding=\"async\" width=\"1024\" height=\"768\" src=\"https:\/\/ukraine.hia.hu\/wp-content\/uploads\/39B818D3-5E7A-4B16-9E6B-ADA7D1710C31-1024x768.jpeg\" class=\"attachment-large size-large wp-image-6290\" alt=\"\" srcset=\"https:\/\/ukraine.hia.hu\/wp-content\/uploads\/39B818D3-5E7A-4B16-9E6B-ADA7D1710C31-1024x768.jpeg 1024w, https:\/\/ukraine.hia.hu\/wp-content\/uploads\/39B818D3-5E7A-4B16-9E6B-ADA7D1710C31-300x225.jpeg 300w, https:\/\/ukraine.hia.hu\/wp-content\/uploads\/39B818D3-5E7A-4B16-9E6B-ADA7D1710C31-768x576.jpeg 768w, https:\/\/ukraine.hia.hu\/wp-content\/uploads\/39B818D3-5E7A-4B16-9E6B-ADA7D1710C31-1536x1152.jpeg 1536w, https:\/\/ukraine.hia.hu\/wp-content\/uploads\/39B818D3-5E7A-4B16-9E6B-ADA7D1710C31-2048x1536.jpeg 2048w\" sizes=\"(max-width: 1024px) 100vw, 1024px\" \/>\t\t\t\t\t\t\t\t\t\t\t\t\t<\/div>\n\t\t\t\t<\/div>\n\t\t\t\t\t<\/div>\n\t\t<\/div>\n\t\t\t\t\t<\/div>\n\t\t<\/section>\n\t\t\t\t<\/div>\n\t\t","protected":false},"excerpt":{"rendered":"<p>A k\u00e1rp\u00e1taljai Ungv\u00e1ron t\u00e1mogatta a h\u00e1bor\u00fa \u00e1ltal legink\u00e1bb s\u00fajtott, kelet-ukrajnai r\u00e9gi\u00f3kb\u00f3l \u00e9rkez\u0151 bels\u0151 menek\u00fclteket az \u00d6kumenikus Seg\u00e9lyszervezet. A 37 raklapnyi tart\u00f3s\u00e9lelmiszert \u00e9s higi\u00e9niai term\u00e9ket a k\u00e1rp\u00e1taljai ukr\u00e1n pravoszl\u00e1v p\u00fcsp\u00f6ks\u00e9g fogadta \u00e9s osztotta ki az Ungv\u00e1ron \u00e9s a k\u00f6rnyez\u0151 falvakban \u00e9l\u0151 bels\u0151 menek\u00fclt csal\u00e1doknak janu\u00e1r 17-\u00e9n. A Seg\u00e9lyszervezet Ungv\u00e1rra k\u00fcld\u00f6tt sz\u00e1ll\u00edtm\u00e1ny\u00e1b\u00f3l a pravoszl\u00e1v p\u00fcsp\u00f6ks\u00e9g \u00f6nk\u00e9ntesek seg\u00edts\u00e9g\u00e9vel&#8230;<\/p>\n","protected":false},"author":1,"featured_media":6287,"comment_status":"open","ping_status":"open","sticky":false,"template":"","format":"standard","meta":{"_acf_changed":false,"_kad_post_transparent":"default","_kad_post_title":"default","_kad_post_layout":"default","_kad_post_sidebar_id":"","_kad_post_content_style":"default","_kad_post_vertical_padding":"default","_kad_post_feature":"","_kad_post_feature_position":"","_kad_post_header":false,"_kad_post_footer":false,"footnotes":"","_wp_rev_ctl_limit":""},"categories":[5],"tags":[],"acf":[],"yoast_head":"<!-- This site is optimized with the Yoast SEO plugin v22.2 - https:\/\/yoast.com\/wordpress\/plugins\/seo\/ -->\n<title>\u00c9lelmiszer- \u00e9s tisztas\u00e1gi csomagok bels\u0151 menek\u00fclteknek Ungv\u00e1ron | Az \u00d6kumenikus Seg\u00e9lyszervezet Ukrajn\u00e1ban<\/title>\n<meta name=\"robots\" content=\"index, follow, max-snippet:-1, max-image-preview:large, max-video-preview:-1\" \/>\n<link rel=\"canonical\" href=\"https:\/\/ukraine.hia.hu\/hu\/osztas-ungvar-ortodox-puspokseg\/\" \/>\n<meta property=\"og:locale\" content=\"hu_HU\" \/>\n<meta property=\"og:type\" content=\"article\" \/>\n<meta property=\"og:title\" content=\"\u00c9lelmiszer- \u00e9s tisztas\u00e1gi csomagok bels\u0151 menek\u00fclteknek Ungv\u00e1ron | Az \u00d6kumenikus Seg\u00e9lyszervezet Ukrajn\u00e1ban\" \/>\n<meta property=\"og:description\" content=\"A k\u00e1rp\u00e1taljai Ungv\u00e1ron t\u00e1mogatta a h\u00e1bor\u00fa \u00e1ltal legink\u00e1bb s\u00fajtott, kelet-ukrajnai r\u00e9gi\u00f3kb\u00f3l \u00e9rkez\u0151 bels\u0151 menek\u00fclteket az \u00d6kumenikus Seg\u00e9lyszervezet. A 37 raklapnyi tart\u00f3s\u00e9lelmiszert \u00e9s higi\u00e9niai term\u00e9ket a k\u00e1rp\u00e1taljai ukr\u00e1n pravoszl\u00e1v p\u00fcsp\u00f6ks\u00e9g fogadta \u00e9s osztotta ki az Ungv\u00e1ron \u00e9s a k\u00f6rnyez\u0151 falvakban \u00e9l\u0151 bels\u0151 menek\u00fclt csal\u00e1doknak janu\u00e1r 17-\u00e9n. A Seg\u00e9lyszervezet Ungv\u00e1rra k\u00fcld\u00f6tt sz\u00e1ll\u00edtm\u00e1ny\u00e1b\u00f3l a pravoszl\u00e1v p\u00fcsp\u00f6ks\u00e9g \u00f6nk\u00e9ntesek seg\u00edts\u00e9g\u00e9vel...\" \/>\n<meta property=\"og:url\" content=\"https:\/\/ukraine.hia.hu\/hu\/osztas-ungvar-ortodox-puspokseg\/\" \/>\n<meta property=\"og:site_name\" content=\"Az \u00d6kumenikus Seg\u00e9lyszervezet Ukrajn\u00e1ban\" \/>\n<meta property=\"article:published_time\" content=\"2023-01-19T09:42:33+00:00\" \/>\n<meta property=\"article:modified_time\" content=\"2023-01-20T10:35:04+00:00\" \/>\n<meta property=\"og:image\" content=\"https:\/\/ukraine.hia.hu\/wp-content\/uploads\/7AB0FD58-C531-4895-A8CE-4140D7D21D69-scaled.jpeg\" \/>\n\t<meta property=\"og:image:width\" content=\"2560\" \/>\n\t<meta property=\"og:image:height\" content=\"1920\" \/>\n\t<meta property=\"og:image:type\" content=\"image\/jpeg\" \/>\n<meta name=\"author\" content=\"HIA\" \/>\n<meta name=\"twitter:card\" content=\"summary_large_image\" \/>\n<meta name=\"twitter:label1\" content=\"Szerz\u0151:\" \/>\n\t<meta name=\"twitter:data1\" content=\"HIA\" \/>\n\t<meta name=\"twitter:label2\" content=\"Becs\u00fclt olvas\u00e1si id\u0151\" \/>\n\t<meta name=\"twitter:data2\" content=\"2 perc\" \/>\n<script type=\"application\/ld+json\" class=\"yoast-schema-graph\">{\"@context\":\"https:\/\/schema.org\",\"@graph\":[{\"@type\":\"Article\",\"@id\":\"https:\/\/ukraine.hia.hu\/hu\/osztas-ungvar-ortodox-puspokseg\/#article\",\"isPartOf\":{\"@id\":\"https:\/\/ukraine.hia.hu\/hu\/osztas-ungvar-ortodox-puspokseg\/\"},\"author\":{\"name\":\"HIA\",\"@id\":\"https:\/\/ukraine.hia.hu\/hu\/#\/schema\/person\/5618a1171741e8bbb81c8a76bfcdbfea\"},\"headline\":\"\u00c9lelmiszer- \u00e9s tisztas\u00e1gi csomagok bels\u0151 menek\u00fclteknek Ungv\u00e1ron\",\"datePublished\":\"2023-01-19T09:42:33+00:00\",\"dateModified\":\"2023-01-20T10:35:04+00:00\",\"mainEntityOfPage\":{\"@id\":\"https:\/\/ukraine.hia.hu\/hu\/osztas-ungvar-ortodox-puspokseg\/\"},\"wordCount\":314,\"commentCount\":0,\"publisher\":{\"@id\":\"https:\/\/ukraine.hia.hu\/hu\/#organization\"},\"image\":{\"@id\":\"https:\/\/ukraine.hia.hu\/hu\/osztas-ungvar-ortodox-puspokseg\/#primaryimage\"},\"thumbnailUrl\":\"https:\/\/ukraine.hia.hu\/wp-content\/uploads\/7AB0FD58-C531-4895-A8CE-4140D7D21D69-scaled.jpeg\",\"articleSection\":[\"H\u00edrek\"],\"inLanguage\":\"hu\",\"potentialAction\":[{\"@type\":\"CommentAction\",\"name\":\"Comment\",\"target\":[\"https:\/\/ukraine.hia.hu\/hu\/osztas-ungvar-ortodox-puspokseg\/#respond\"]}]},{\"@type\":\"WebPage\",\"@id\":\"https:\/\/ukraine.hia.hu\/hu\/osztas-ungvar-ortodox-puspokseg\/\",\"url\":\"https:\/\/ukraine.hia.hu\/hu\/osztas-ungvar-ortodox-puspokseg\/\",\"name\":\"\u00c9lelmiszer- \u00e9s tisztas\u00e1gi csomagok bels\u0151 menek\u00fclteknek Ungv\u00e1ron | Az \u00d6kumenikus Seg\u00e9lyszervezet Ukrajn\u00e1ban\",\"isPartOf\":{\"@id\":\"https:\/\/ukraine.hia.hu\/hu\/#website\"},\"primaryImageOfPage\":{\"@id\":\"https:\/\/ukraine.hia.hu\/hu\/osztas-ungvar-ortodox-puspokseg\/#primaryimage\"},\"image\":{\"@id\":\"https:\/\/ukraine.hia.hu\/hu\/osztas-ungvar-ortodox-puspokseg\/#primaryimage\"},\"thumbnailUrl\":\"https:\/\/ukraine.hia.hu\/wp-content\/uploads\/7AB0FD58-C531-4895-A8CE-4140D7D21D69-scaled.jpeg\",\"datePublished\":\"2023-01-19T09:42:33+00:00\",\"dateModified\":\"2023-01-20T10:35:04+00:00\",\"breadcrumb\":{\"@id\":\"https:\/\/ukraine.hia.hu\/hu\/osztas-ungvar-ortodox-puspokseg\/#breadcrumb\"},\"inLanguage\":\"hu\",\"potentialAction\":[{\"@type\":\"ReadAction\",\"target\":[\"https:\/\/ukraine.hia.hu\/hu\/osztas-ungvar-ortodox-puspokseg\/\"]}]},{\"@type\":\"ImageObject\",\"inLanguage\":\"hu\",\"@id\":\"https:\/\/ukraine.hia.hu\/hu\/osztas-ungvar-ortodox-puspokseg\/#primaryimage\",\"url\":\"https:\/\/ukraine.hia.hu\/wp-content\/uploads\/7AB0FD58-C531-4895-A8CE-4140D7D21D69-scaled.jpeg\",\"contentUrl\":\"https:\/\/ukraine.hia.hu\/wp-content\/uploads\/7AB0FD58-C531-4895-A8CE-4140D7D21D69-scaled.jpeg\",\"width\":2560,\"height\":1920},{\"@type\":\"BreadcrumbList\",\"@id\":\"https:\/\/ukraine.hia.hu\/hu\/osztas-ungvar-ortodox-puspokseg\/#breadcrumb\",\"itemListElement\":[{\"@type\":\"ListItem\",\"position\":1,\"name\":\"Kezd\u0151lap\",\"item\":\"https:\/\/ukraine.hia.hu\/hu\/\"},{\"@type\":\"ListItem\",\"position\":2,\"name\":\"\u00c9lelmiszer- \u00e9s tisztas\u00e1gi csomagok bels\u0151 menek\u00fclteknek Ungv\u00e1ron\"}]},{\"@type\":\"WebSite\",\"@id\":\"https:\/\/ukraine.hia.hu\/hu\/#website\",\"url\":\"https:\/\/ukraine.hia.hu\/hu\/\",\"name\":\"Az \u00d6kumenikus Seg\u00e9lyszervezet Ukrajn\u00e1ban\",\"description\":\"Az \u00d6kumenikus Seg\u00e9lyszervezet Ukrajn\u00e1ban\",\"publisher\":{\"@id\":\"https:\/\/ukraine.hia.hu\/hu\/#organization\"},\"potentialAction\":[{\"@type\":\"SearchAction\",\"target\":{\"@type\":\"EntryPoint\",\"urlTemplate\":\"https:\/\/ukraine.hia.hu\/hu\/?s={search_term_string}\"},\"query-input\":\"required name=search_term_string\"}],\"inLanguage\":\"hu\"},{\"@type\":\"Organization\",\"@id\":\"https:\/\/ukraine.hia.hu\/hu\/#organization\",\"name\":\"HIA Hungary\",\"url\":\"https:\/\/ukraine.hia.hu\/hu\/\",\"logo\":{\"@type\":\"ImageObject\",\"inLanguage\":\"hu\",\"@id\":\"https:\/\/ukraine.hia.hu\/hu\/#\/schema\/logo\/image\/\",\"url\":\"https:\/\/ukraine.hia.hu\/wp-content\/uploads\/footer_logo.png\",\"contentUrl\":\"https:\/\/ukraine.hia.hu\/wp-content\/uploads\/footer_logo.png\",\"width\":350,\"height\":427,\"caption\":\"HIA Hungary\"},\"image\":{\"@id\":\"https:\/\/ukraine.hia.hu\/hu\/#\/schema\/logo\/image\/\"}},{\"@type\":\"Person\",\"@id\":\"https:\/\/ukraine.hia.hu\/hu\/#\/schema\/person\/5618a1171741e8bbb81c8a76bfcdbfea\",\"name\":\"HIA\",\"image\":{\"@type\":\"ImageObject\",\"inLanguage\":\"hu\",\"@id\":\"https:\/\/ukraine.hia.hu\/hu\/#\/schema\/person\/image\/\",\"url\":\"https:\/\/secure.gravatar.com\/avatar\/0eb37bd0c23121a70100851bb2e0123c?s=96&d=mm&r=g\",\"contentUrl\":\"https:\/\/secure.gravatar.com\/avatar\/0eb37bd0c23121a70100851bb2e0123c?s=96&d=mm&r=g\",\"caption\":\"HIA\"},\"sameAs\":[\"http:\/\/www.hia.hu\"]}]}<\/script>\n<!-- \/ Yoast SEO plugin. -->","yoast_head_json":{"title":"\u00c9lelmiszer- \u00e9s tisztas\u00e1gi csomagok bels\u0151 menek\u00fclteknek Ungv\u00e1ron | Az \u00d6kumenikus Seg\u00e9lyszervezet Ukrajn\u00e1ban","robots":{"index":"index","follow":"follow","max-snippet":"max-snippet:-1","max-image-preview":"max-image-preview:large","max-video-preview":"max-video-preview:-1"},"canonical":"https:\/\/ukraine.hia.hu\/hu\/osztas-ungvar-ortodox-puspokseg\/","og_locale":"hu_HU","og_type":"article","og_title":"\u00c9lelmiszer- \u00e9s tisztas\u00e1gi csomagok bels\u0151 menek\u00fclteknek Ungv\u00e1ron | Az \u00d6kumenikus Seg\u00e9lyszervezet Ukrajn\u00e1ban","og_description":"A k\u00e1rp\u00e1taljai Ungv\u00e1ron t\u00e1mogatta a h\u00e1bor\u00fa \u00e1ltal legink\u00e1bb s\u00fajtott, kelet-ukrajnai r\u00e9gi\u00f3kb\u00f3l \u00e9rkez\u0151 bels\u0151 menek\u00fclteket az \u00d6kumenikus Seg\u00e9lyszervezet. A 37 raklapnyi tart\u00f3s\u00e9lelmiszert \u00e9s higi\u00e9niai term\u00e9ket a k\u00e1rp\u00e1taljai ukr\u00e1n pravoszl\u00e1v p\u00fcsp\u00f6ks\u00e9g fogadta \u00e9s osztotta ki az Ungv\u00e1ron \u00e9s a k\u00f6rnyez\u0151 falvakban \u00e9l\u0151 bels\u0151 menek\u00fclt csal\u00e1doknak janu\u00e1r 17-\u00e9n. A Seg\u00e9lyszervezet Ungv\u00e1rra k\u00fcld\u00f6tt sz\u00e1ll\u00edtm\u00e1ny\u00e1b\u00f3l a pravoszl\u00e1v p\u00fcsp\u00f6ks\u00e9g \u00f6nk\u00e9ntesek seg\u00edts\u00e9g\u00e9vel...","og_url":"https:\/\/ukraine.hia.hu\/hu\/osztas-ungvar-ortodox-puspokseg\/","og_site_name":"Az \u00d6kumenikus Seg\u00e9lyszervezet Ukrajn\u00e1ban","article_published_time":"2023-01-19T09:42:33+00:00","article_modified_time":"2023-01-20T10:35:04+00:00","og_image":[{"width":2560,"height":1920,"url":"https:\/\/ukraine.hia.hu\/wp-content\/uploads\/7AB0FD58-C531-4895-A8CE-4140D7D21D69-scaled.jpeg","type":"image\/jpeg"}],"author":"HIA","twitter_card":"summary_large_image","twitter_misc":{"Szerz\u0151:":"HIA","Becs\u00fclt olvas\u00e1si id\u0151":"2 perc"},"schema":{"@context":"https:\/\/schema.org","@graph":[{"@type":"Article","@id":"https:\/\/ukraine.hia.hu\/hu\/osztas-ungvar-ortodox-puspokseg\/#article","isPartOf":{"@id":"https:\/\/ukraine.hia.hu\/hu\/osztas-ungvar-ortodox-puspokseg\/"},"author":{"name":"HIA","@id":"https:\/\/ukraine.hia.hu\/hu\/#\/schema\/person\/5618a1171741e8bbb81c8a76bfcdbfea"},"headline":"\u00c9lelmiszer- \u00e9s tisztas\u00e1gi csomagok bels\u0151 menek\u00fclteknek Ungv\u00e1ron","datePublished":"2023-01-19T09:42:33+00:00","dateModified":"2023-01-20T10:35:04+00:00","mainEntityOfPage":{"@id":"https:\/\/ukraine.hia.hu\/hu\/osztas-ungvar-ortodox-puspokseg\/"},"wordCount":314,"commentCount":0,"publisher":{"@id":"https:\/\/ukraine.hia.hu\/hu\/#organization"},"image":{"@id":"https:\/\/ukraine.hia.hu\/hu\/osztas-ungvar-ortodox-puspokseg\/#primaryimage"},"thumbnailUrl":"https:\/\/ukraine.hia.hu\/wp-content\/uploads\/7AB0FD58-C531-4895-A8CE-4140D7D21D69-scaled.jpeg","articleSection":["H\u00edrek"],"inLanguage":"hu","potentialAction":[{"@type":"CommentAction","name":"Comment","target":["https:\/\/ukraine.hia.hu\/hu\/osztas-ungvar-ortodox-puspokseg\/#respond"]}]},{"@type":"WebPage","@id":"https:\/\/ukraine.hia.hu\/hu\/osztas-ungvar-ortodox-puspokseg\/","url":"https:\/\/ukraine.hia.hu\/hu\/osztas-ungvar-ortodox-puspokseg\/","name":"\u00c9lelmiszer- \u00e9s tisztas\u00e1gi csomagok bels\u0151 menek\u00fclteknek Ungv\u00e1ron | Az \u00d6kumenikus Seg\u00e9lyszervezet Ukrajn\u00e1ban","isPartOf":{"@id":"https:\/\/ukraine.hia.hu\/hu\/#website"},"primaryImageOfPage":{"@id":"https:\/\/ukraine.hia.hu\/hu\/osztas-ungvar-ortodox-puspokseg\/#primaryimage"},"image":{"@id":"https:\/\/ukraine.hia.hu\/hu\/osztas-ungvar-ortodox-puspokseg\/#primaryimage"},"thumbnailUrl":"https:\/\/ukraine.hia.hu\/wp-content\/uploads\/7AB0FD58-C531-4895-A8CE-4140D7D21D69-scaled.jpeg","datePublished":"2023-01-19T09:42:33+00:00","dateModified":"2023-01-20T10:35:04+00:00","breadcrumb":{"@id":"https:\/\/ukraine.hia.hu\/hu\/osztas-ungvar-ortodox-puspokseg\/#breadcrumb"},"inLanguage":"hu","potentialAction":[{"@type":"ReadAction","target":["https:\/\/ukraine.hia.hu\/hu\/osztas-ungvar-ortodox-puspokseg\/"]}]},{"@type":"ImageObject","inLanguage":"hu","@id":"https:\/\/ukraine.hia.hu\/hu\/osztas-ungvar-ortodox-puspokseg\/#primaryimage","url":"https:\/\/ukraine.hia.hu\/wp-content\/uploads\/7AB0FD58-C531-4895-A8CE-4140D7D21D69-scaled.jpeg","contentUrl":"https:\/\/ukraine.hia.hu\/wp-content\/uploads\/7AB0FD58-C531-4895-A8CE-4140D7D21D69-scaled.jpeg","width":2560,"height":1920},{"@type":"BreadcrumbList","@id":"https:\/\/ukraine.hia.hu\/hu\/osztas-ungvar-ortodox-puspokseg\/#breadcrumb","itemListElement":[{"@type":"ListItem","position":1,"name":"Kezd\u0151lap","item":"https:\/\/ukraine.hia.hu\/hu\/"},{"@type":"ListItem","position":2,"name":"\u00c9lelmiszer- \u00e9s tisztas\u00e1gi csomagok bels\u0151 menek\u00fclteknek Ungv\u00e1ron"}]},{"@type":"WebSite","@id":"https:\/\/ukraine.hia.hu\/hu\/#website","url":"https:\/\/ukraine.hia.hu\/hu\/","name":"Az \u00d6kumenikus Seg\u00e9lyszervezet Ukrajn\u00e1ban","description":"Az \u00d6kumenikus Seg\u00e9lyszervezet Ukrajn\u00e1ban","publisher":{"@id":"https:\/\/ukraine.hia.hu\/hu\/#organization"},"potentialAction":[{"@type":"SearchAction","target":{"@type":"EntryPoint","urlTemplate":"https:\/\/ukraine.hia.hu\/hu\/?s={search_term_string}"},"query-input":"required name=search_term_string"}],"inLanguage":"hu"},{"@type":"Organization","@id":"https:\/\/ukraine.hia.hu\/hu\/#organization","name":"HIA Hungary","url":"https:\/\/ukraine.hia.hu\/hu\/","logo":{"@type":"ImageObject","inLanguage":"hu","@id":"https:\/\/ukraine.hia.hu\/hu\/#\/schema\/logo\/image\/","url":"https:\/\/ukraine.hia.hu\/wp-content\/uploads\/footer_logo.png","contentUrl":"https:\/\/ukraine.hia.hu\/wp-content\/uploads\/footer_logo.png","width":350,"height":427,"caption":"HIA Hungary"},"image":{"@id":"https:\/\/ukraine.hia.hu\/hu\/#\/schema\/logo\/image\/"}},{"@type":"Person","@id":"https:\/\/ukraine.hia.hu\/hu\/#\/schema\/person\/5618a1171741e8bbb81c8a76bfcdbfea","name":"HIA","image":{"@type":"ImageObject","inLanguage":"hu","@id":"https:\/\/ukraine.hia.hu\/hu\/#\/schema\/person\/image\/","url":"https:\/\/secure.gravatar.com\/avatar\/0eb37bd0c23121a70100851bb2e0123c?s=96&d=mm&r=g","contentUrl":"https:\/\/secure.gravatar.com\/avatar\/0eb37bd0c23121a70100851bb2e0123c?s=96&d=mm&r=g","caption":"HIA"},"sameAs":["http:\/\/www.hia.hu"]}]}},"_links":{"self":[{"href":"https:\/\/ukraine.hia.hu\/hu\/wp-json\/wp\/v2\/posts\/6285"}],"collection":[{"href":"https:\/\/ukraine.hia.hu\/hu\/wp-json\/wp\/v2\/posts"}],"about":[{"href":"https:\/\/ukraine.hia.hu\/hu\/wp-json\/wp\/v2\/types\/post"}],"author":[{"embeddable":true,"href":"https:\/\/ukraine.hia.hu\/hu\/wp-json\/wp\/v2\/users\/1"}],"replies":[{"embeddable":true,"href":"https:\/\/ukraine.hia.hu\/hu\/wp-json\/wp\/v2\/comments?post=6285"}],"version-history":[{"count":7,"href":"https:\/\/ukraine.hia.hu\/hu\/wp-json\/wp\/v2\/posts\/6285\/revisions"}],"predecessor-version":[{"id":6323,"href":"https:\/\/ukraine.hia.hu\/hu\/wp-json\/wp\/v2\/posts\/6285\/revisions\/6323"}],"wp:featuredmedia":[{"embeddable":true,"href":"https:\/\/ukraine.hia.hu\/hu\/wp-json\/wp\/v2\/media\/6287"}],"wp:attachment":[{"href":"https:\/\/ukraine.hia.hu\/hu\/wp-json\/wp\/v2\/media?parent=6285"}],"wp:term":[{"taxonomy":"category","embeddable":true,"href":"https:\/\/ukraine.hia.hu\/hu\/wp-json\/wp\/v2\/categories?post=6285"},{"taxonomy":"post_tag","embeddable":true,"href":"https:\/\/ukraine.hia.hu\/hu\/wp-json\/wp\/v2\/tags?post=6285"}],"curies":[{"name":"wp","href":"https:\/\/api.w.org\/{rel}","templated":true}]}}