{"id":6370,"date":"2023-02-02T10:07:49","date_gmt":"2023-02-02T08:07:49","guid":{"rendered":"https:\/\/ukraine.hia.hu\/?p=6370"},"modified":"2023-02-02T10:13:31","modified_gmt":"2023-02-02T08:13:31","slug":"tajvani-ukran-magyar-gombocfozes-sopronban","status":"publish","type":"post","link":"https:\/\/ukraine.hia.hu\/hu\/tajvani-ukran-magyar-gombocfozes-sopronban\/","title":{"rendered":"Tajvani-ukr\u00e1n-magyar gomb\u00f3cf\u0151z\u00e9s Sopronban"},"content":{"rendered":"\t\t<div data-elementor-type=\"wp-post\" data-elementor-id=\"6370\" class=\"elementor elementor-6370\">\n\t\t\t\t\t\t<section class=\"elementor-section elementor-top-section elementor-element elementor-element-c856da0 elementor-section-boxed elementor-section-height-default elementor-section-height-default\" data-id=\"c856da0\" data-element_type=\"section\">\n\t\t\t\t\t\t<div class=\"elementor-container elementor-column-gap-default\">\n\t\t\t\t\t<div class=\"elementor-column elementor-col-100 elementor-top-column elementor-element elementor-element-88ff4a3\" data-id=\"88ff4a3\" data-element_type=\"column\">\n\t\t\t<div class=\"elementor-widget-wrap elementor-element-populated\">\n\t\t\t\t\t\t<div class=\"elementor-element elementor-element-dfc7a6a elementor-widget elementor-widget-text-editor\" data-id=\"dfc7a6a\" data-element_type=\"widget\" data-widget_type=\"text-editor.default\">\n\t\t\t\t<div class=\"elementor-widget-container\">\n\t\t\t<style>\/*! elementor - v3.20.0 - 13-03-2024 *\/\n.elementor-widget-text-editor.elementor-drop-cap-view-stacked .elementor-drop-cap{background-color:#69727d;color:#fff}.elementor-widget-text-editor.elementor-drop-cap-view-framed .elementor-drop-cap{color:#69727d;border:3px solid;background-color:transparent}.elementor-widget-text-editor:not(.elementor-drop-cap-view-default) .elementor-drop-cap{margin-top:8px}.elementor-widget-text-editor:not(.elementor-drop-cap-view-default) .elementor-drop-cap-letter{width:1em;height:1em}.elementor-widget-text-editor .elementor-drop-cap{float:left;text-align:center;line-height:1;font-size:50px}.elementor-widget-text-editor .elementor-drop-cap-letter{display:inline-block}<\/style>\t\t\t\t<p>Seg\u00e9lyszervezet\u00fcnk soproni int\u00e9zm\u00e9nye ny\u00e1r \u00f3ta foglalkozik ukr\u00e1n menek\u00fcltek t\u00e1mogat\u00e1s\u00e1val. A Szoci\u00e1lis \u00e9s Fejleszt\u0151 K\u00f6zpont munkat\u00e1rsai ez id\u00e1ig t\u00f6bb alkalommal is tartottak k\u00f6z\u00f6ss\u00e9g\u00e9p\u00edt\u0151 rendezv\u00e9nyt a h\u00e1bor\u00fa el\u0151l haz\u00e1nkba menek\u00fcl\u0151 ukr\u00e1n \u00e1llampolg\u00e1rok sz\u00e1m\u00e1ra.\u00a0<\/p><p>Szombaton ism\u00e9t egy k\u00f6z\u00f6ss\u00e9g\u00e9p\u00edt\u0151 rendezv\u00e9nynek adott otthont az int\u00e9zm\u00e9ny, amelyen a k\u00f6rny\u00e9ken \u00e9l\u0151 ukr\u00e1n menek\u00fclteken k\u00edv\u00fcl a Tajpej K\u00e9pviseleti Iroda munkat\u00e1rsai is r\u00e9szt vettek. Liu Shih-Chung k\u00e9pviseletvezet\u0151 magyarul \u00e9s ukr\u00e1nul k\u00f6sz\u00f6nt\u00f6tte a k\u00f6z\u00f6ns\u00e9get, valamint megeml\u00e9kezett a k\u00ednai \u00faj\u00e9vr\u0151l is &#8211; a tajvani hagyom\u00e1nyokhoz h\u0171en \u00faj\u00e9vi piros bor\u00edt\u00e9kokat osztott a fiatal menek\u00fclteknek. A k\u00f6sz\u00f6nt\u00e9s ut\u00e1n mindenki \u2013 fiatalok, \u00f6regek, vend\u00e9gek, menek\u00fcltek \u00e9s munkat\u00e1rsak &#8211; felt\u0171rte az ingujj\u00e1t, \u00e9s megkezd\u0151d\u00f6tt a gomb\u00f3cgy\u00e1rt\u00e1s.<\/p><p>Az esem\u00e9nyen ugyanis ez\u00fattal a gasztron\u00f3mi\u00e1\u00e9 volt a f\u0151szerep: magyar szilv\u00e1sgomb\u00f3c, tajvani h\u00fasos batyu \u00e9s ukr\u00e1n varenyiki (ut\u00f3bbib\u00f3l k\u00e9tfajta, hagym\u00e1s-t\u00f6rtkrumplis \u00e9s r\u00e9p\u00e1s-k\u00e1poszt\u00e1s) k\u00e9sz\u00fclt. A h\u00e1romfajta gomb\u00f3c elk\u00e9sz\u00edt\u00e9s\u00e9nek minden cs\u00ednj\u00e1t-b\u00ednj\u00e1t eltanulhatt\u00e1k az \u00e9rdekl\u0151d\u0151k, akik nagy kedvvel gy\u00fart\u00e1k a t\u00e9szt\u00e1t \u00e9s t\u00f6lt\u00f6tt\u00e9k a batyukat. A j\u00f3 hangulat\u00fa rendezv\u00e9nyen &#8211; am\u00edg a \u00e9telek f\u0151ttek &#8211; egy j\u00e1t\u00e9k keret\u00e9ben a r\u00e9sztvev\u0151k nem csak a gomb\u00f3cf\u0151z\u00e9s kulisszatitkait, hanem egym\u00e1st is jobban megismerhett\u00e9k.\u00a0<\/p>\t\t\t\t\t\t<\/div>\n\t\t\t\t<\/div>\n\t\t\t\t\t<\/div>\n\t\t<\/div>\n\t\t\t\t\t<\/div>\n\t\t<\/section>\n\t\t\t\t<section class=\"elementor-section elementor-top-section elementor-element elementor-element-99d6a67 elementor-section-boxed elementor-section-height-default elementor-section-height-default\" data-id=\"99d6a67\" data-element_type=\"section\">\n\t\t\t\t\t\t<div class=\"elementor-container elementor-column-gap-default\">\n\t\t\t\t\t<div class=\"elementor-column elementor-col-100 elementor-top-column elementor-element elementor-element-432f1ff\" data-id=\"432f1ff\" data-element_type=\"column\">\n\t\t\t<div class=\"elementor-widget-wrap elementor-element-populated\">\n\t\t\t\t\t\t<section class=\"elementor-section elementor-inner-section elementor-element elementor-element-57ba13e elementor-section-boxed elementor-section-height-default elementor-section-height-default\" data-id=\"57ba13e\" data-element_type=\"section\">\n\t\t\t\t\t\t<div class=\"elementor-container elementor-column-gap-default\">\n\t\t\t\t\t<div class=\"elementor-column elementor-col-50 elementor-inner-column elementor-element elementor-element-abc05e3\" data-id=\"abc05e3\" data-element_type=\"column\">\n\t\t\t<div class=\"elementor-widget-wrap elementor-element-populated\">\n\t\t\t\t\t\t<div class=\"elementor-element elementor-element-1a65a32 elementor-widget elementor-widget-image\" data-id=\"1a65a32\" data-element_type=\"widget\" data-widget_type=\"image.default\">\n\t\t\t\t<div class=\"elementor-widget-container\">\n\t\t\t<style>\/*! elementor - v3.20.0 - 13-03-2024 *\/\n.elementor-widget-image{text-align:center}.elementor-widget-image a{display:inline-block}.elementor-widget-image a img[src$=\".svg\"]{width:48px}.elementor-widget-image img{vertical-align:middle;display:inline-block}<\/style>\t\t\t\t\t\t\t\t\t\t<img fetchpriority=\"high\" decoding=\"async\" width=\"1024\" height=\"768\" src=\"https:\/\/ukraine.hia.hu\/wp-content\/uploads\/Photo-2023.-01.-28.-15-32-50-1024x768.jpg\" class=\"attachment-large size-large wp-image-6374\" alt=\"\" srcset=\"https:\/\/ukraine.hia.hu\/wp-content\/uploads\/Photo-2023.-01.-28.-15-32-50-1024x768.jpg 1024w, https:\/\/ukraine.hia.hu\/wp-content\/uploads\/Photo-2023.-01.-28.-15-32-50-300x225.jpg 300w, https:\/\/ukraine.hia.hu\/wp-content\/uploads\/Photo-2023.-01.-28.-15-32-50-768x576.jpg 768w, https:\/\/ukraine.hia.hu\/wp-content\/uploads\/Photo-2023.-01.-28.-15-32-50-1536x1152.jpg 1536w, https:\/\/ukraine.hia.hu\/wp-content\/uploads\/Photo-2023.-01.-28.-15-32-50-2048x1536.jpg 2048w\" sizes=\"(max-width: 1024px) 100vw, 1024px\" \/>\t\t\t\t\t\t\t\t\t\t\t\t\t<\/div>\n\t\t\t\t<\/div>\n\t\t\t\t\t<\/div>\n\t\t<\/div>\n\t\t\t\t<div class=\"elementor-column elementor-col-50 elementor-inner-column elementor-element elementor-element-35b646e\" data-id=\"35b646e\" data-element_type=\"column\">\n\t\t\t<div class=\"elementor-widget-wrap elementor-element-populated\">\n\t\t\t\t\t\t<div class=\"elementor-element elementor-element-f88be42 elementor-widget elementor-widget-image\" data-id=\"f88be42\" data-element_type=\"widget\" data-widget_type=\"image.default\">\n\t\t\t\t<div class=\"elementor-widget-container\">\n\t\t\t\t\t\t\t\t\t\t\t\t\t<img decoding=\"async\" width=\"1024\" height=\"768\" src=\"https:\/\/ukraine.hia.hu\/wp-content\/uploads\/Photo-2023.-01.-28.-15-49-37-1024x768.jpg\" class=\"attachment-large size-large wp-image-6377\" alt=\"\" srcset=\"https:\/\/ukraine.hia.hu\/wp-content\/uploads\/Photo-2023.-01.-28.-15-49-37-1024x768.jpg 1024w, https:\/\/ukraine.hia.hu\/wp-content\/uploads\/Photo-2023.-01.-28.-15-49-37-300x225.jpg 300w, https:\/\/ukraine.hia.hu\/wp-content\/uploads\/Photo-2023.-01.-28.-15-49-37-768x576.jpg 768w, https:\/\/ukraine.hia.hu\/wp-content\/uploads\/Photo-2023.-01.-28.-15-49-37-1536x1152.jpg 1536w, https:\/\/ukraine.hia.hu\/wp-content\/uploads\/Photo-2023.-01.-28.-15-49-37-2048x1536.jpg 2048w\" sizes=\"(max-width: 1024px) 100vw, 1024px\" \/>\t\t\t\t\t\t\t\t\t\t\t\t\t<\/div>\n\t\t\t\t<\/div>\n\t\t\t\t\t<\/div>\n\t\t<\/div>\n\t\t\t\t\t<\/div>\n\t\t<\/section>\n\t\t\t\t\t<\/div>\n\t\t<\/div>\n\t\t\t\t\t<\/div>\n\t\t<\/section>\n\t\t\t\t<section class=\"elementor-section elementor-top-section elementor-element elementor-element-3242ea8 elementor-section-boxed elementor-section-height-default elementor-section-height-default\" data-id=\"3242ea8\" data-element_type=\"section\">\n\t\t\t\t\t\t<div class=\"elementor-container elementor-column-gap-default\">\n\t\t\t\t\t<div class=\"elementor-column elementor-col-100 elementor-top-column elementor-element elementor-element-5bc6f56\" data-id=\"5bc6f56\" data-element_type=\"column\">\n\t\t\t<div class=\"elementor-widget-wrap elementor-element-populated\">\n\t\t\t\t\t\t<section class=\"elementor-section elementor-inner-section elementor-element elementor-element-9a9ef6d elementor-section-boxed elementor-section-height-default elementor-section-height-default\" data-id=\"9a9ef6d\" data-element_type=\"section\">\n\t\t\t\t\t\t<div class=\"elementor-container elementor-column-gap-default\">\n\t\t\t\t\t<div class=\"elementor-column elementor-col-50 elementor-inner-column elementor-element elementor-element-2ada46d\" data-id=\"2ada46d\" data-element_type=\"column\">\n\t\t\t<div class=\"elementor-widget-wrap elementor-element-populated\">\n\t\t\t\t\t\t<div class=\"elementor-element elementor-element-f85d950 elementor-widget elementor-widget-image\" data-id=\"f85d950\" data-element_type=\"widget\" data-widget_type=\"image.default\">\n\t\t\t\t<div class=\"elementor-widget-container\">\n\t\t\t\t\t\t\t\t\t\t\t\t\t<img decoding=\"async\" width=\"1024\" height=\"768\" src=\"https:\/\/ukraine.hia.hu\/wp-content\/uploads\/Photo-2023.-01.-28.-15-07-15-1024x768.jpg\" class=\"attachment-large size-large wp-image-6371\" alt=\"\" srcset=\"https:\/\/ukraine.hia.hu\/wp-content\/uploads\/Photo-2023.-01.-28.-15-07-15-1024x768.jpg 1024w, https:\/\/ukraine.hia.hu\/wp-content\/uploads\/Photo-2023.-01.-28.-15-07-15-300x225.jpg 300w, https:\/\/ukraine.hia.hu\/wp-content\/uploads\/Photo-2023.-01.-28.-15-07-15-768x576.jpg 768w, https:\/\/ukraine.hia.hu\/wp-content\/uploads\/Photo-2023.-01.-28.-15-07-15-1536x1152.jpg 1536w, https:\/\/ukraine.hia.hu\/wp-content\/uploads\/Photo-2023.-01.-28.-15-07-15-2048x1536.jpg 2048w\" sizes=\"(max-width: 1024px) 100vw, 1024px\" \/>\t\t\t\t\t\t\t\t\t\t\t\t\t<\/div>\n\t\t\t\t<\/div>\n\t\t\t\t\t<\/div>\n\t\t<\/div>\n\t\t\t\t<div class=\"elementor-column elementor-col-50 elementor-inner-column elementor-element elementor-element-7c4efed\" data-id=\"7c4efed\" data-element_type=\"column\">\n\t\t\t<div class=\"elementor-widget-wrap elementor-element-populated\">\n\t\t\t\t\t\t<div class=\"elementor-element elementor-element-61fcc1b elementor-widget elementor-widget-image\" data-id=\"61fcc1b\" data-element_type=\"widget\" data-widget_type=\"image.default\">\n\t\t\t\t<div class=\"elementor-widget-container\">\n\t\t\t\t\t\t\t\t\t\t\t\t\t<img loading=\"lazy\" decoding=\"async\" width=\"1024\" height=\"768\" src=\"https:\/\/ukraine.hia.hu\/wp-content\/uploads\/Photo-2023.-01.-28.-14-55-27-1024x768.jpg\" class=\"attachment-large size-large wp-image-6392\" alt=\"\" srcset=\"https:\/\/ukraine.hia.hu\/wp-content\/uploads\/Photo-2023.-01.-28.-14-55-27-1024x768.jpg 1024w, https:\/\/ukraine.hia.hu\/wp-content\/uploads\/Photo-2023.-01.-28.-14-55-27-300x225.jpg 300w, https:\/\/ukraine.hia.hu\/wp-content\/uploads\/Photo-2023.-01.-28.-14-55-27-768x576.jpg 768w, https:\/\/ukraine.hia.hu\/wp-content\/uploads\/Photo-2023.-01.-28.-14-55-27-1536x1152.jpg 1536w, https:\/\/ukraine.hia.hu\/wp-content\/uploads\/Photo-2023.-01.-28.-14-55-27-2048x1536.jpg 2048w\" sizes=\"(max-width: 1024px) 100vw, 1024px\" \/>\t\t\t\t\t\t\t\t\t\t\t\t\t<\/div>\n\t\t\t\t<\/div>\n\t\t\t\t\t<\/div>\n\t\t<\/div>\n\t\t\t\t\t<\/div>\n\t\t<\/section>\n\t\t\t\t\t<\/div>\n\t\t<\/div>\n\t\t\t\t\t<\/div>\n\t\t<\/section>\n\t\t\t\t<\/div>\n\t\t","protected":false},"excerpt":{"rendered":"<p>Seg\u00e9lyszervezet\u00fcnk soproni int\u00e9zm\u00e9nye ny\u00e1r \u00f3ta foglalkozik ukr\u00e1n menek\u00fcltek t\u00e1mogat\u00e1s\u00e1val. A Szoci\u00e1lis \u00e9s Fejleszt\u0151 K\u00f6zpont munkat\u00e1rsai ez id\u00e1ig t\u00f6bb alkalommal is tartottak k\u00f6z\u00f6ss\u00e9g\u00e9p\u00edt\u0151 rendezv\u00e9nyt a h\u00e1bor\u00fa el\u0151l haz\u00e1nkba menek\u00fcl\u0151 ukr\u00e1n \u00e1llampolg\u00e1rok sz\u00e1m\u00e1ra.\u00a0 Szombaton ism\u00e9t egy k\u00f6z\u00f6ss\u00e9g\u00e9p\u00edt\u0151 rendezv\u00e9nynek adott otthont az int\u00e9zm\u00e9ny, amelyen a k\u00f6rny\u00e9ken \u00e9l\u0151 ukr\u00e1n menek\u00fclteken k\u00edv\u00fcl a Tajpej K\u00e9pviseleti Iroda munkat\u00e1rsai is r\u00e9szt vettek&#8230;.<\/p>\n","protected":false},"author":1,"featured_media":6384,"comment_status":"open","ping_status":"open","sticky":false,"template":"","format":"standard","meta":{"_acf_changed":false,"_kad_post_transparent":"default","_kad_post_title":"default","_kad_post_layout":"default","_kad_post_sidebar_id":"","_kad_post_content_style":"default","_kad_post_vertical_padding":"default","_kad_post_feature":"","_kad_post_feature_position":"","_kad_post_header":false,"_kad_post_footer":false,"footnotes":"","_wp_rev_ctl_limit":""},"categories":[5,105],"tags":[109,63,99,110],"acf":[],"yoast_head":"<!-- This site is optimized with the Yoast SEO plugin v22.2 - https:\/\/yoast.com\/wordpress\/plugins\/seo\/ -->\n<title>Tajvani-ukr\u00e1n-magyar gomb\u00f3cf\u0151z\u00e9s Sopronban | Az \u00d6kumenikus Seg\u00e9lyszervezet Ukrajn\u00e1ban<\/title>\n<meta name=\"robots\" content=\"index, follow, max-snippet:-1, max-image-preview:large, max-video-preview:-1\" \/>\n<link rel=\"canonical\" href=\"https:\/\/ukraine.hia.hu\/hu\/tajvani-ukran-magyar-gombocfozes-sopronban\/\" \/>\n<meta property=\"og:locale\" content=\"hu_HU\" \/>\n<meta property=\"og:type\" content=\"article\" \/>\n<meta property=\"og:title\" content=\"Tajvani-ukr\u00e1n-magyar gomb\u00f3cf\u0151z\u00e9s Sopronban | Az \u00d6kumenikus Seg\u00e9lyszervezet Ukrajn\u00e1ban\" \/>\n<meta property=\"og:description\" content=\"Seg\u00e9lyszervezet\u00fcnk soproni int\u00e9zm\u00e9nye ny\u00e1r \u00f3ta foglalkozik ukr\u00e1n menek\u00fcltek t\u00e1mogat\u00e1s\u00e1val. A Szoci\u00e1lis \u00e9s Fejleszt\u0151 K\u00f6zpont munkat\u00e1rsai ez id\u00e1ig t\u00f6bb alkalommal is tartottak k\u00f6z\u00f6ss\u00e9g\u00e9p\u00edt\u0151 rendezv\u00e9nyt a h\u00e1bor\u00fa el\u0151l haz\u00e1nkba menek\u00fcl\u0151 ukr\u00e1n \u00e1llampolg\u00e1rok sz\u00e1m\u00e1ra.\u00a0 Szombaton ism\u00e9t egy k\u00f6z\u00f6ss\u00e9g\u00e9p\u00edt\u0151 rendezv\u00e9nynek adott otthont az int\u00e9zm\u00e9ny, amelyen a k\u00f6rny\u00e9ken \u00e9l\u0151 ukr\u00e1n menek\u00fclteken k\u00edv\u00fcl a Tajpej K\u00e9pviseleti Iroda munkat\u00e1rsai is r\u00e9szt vettek....\" \/>\n<meta property=\"og:url\" content=\"https:\/\/ukraine.hia.hu\/hu\/tajvani-ukran-magyar-gombocfozes-sopronban\/\" \/>\n<meta property=\"og:site_name\" content=\"Az \u00d6kumenikus Seg\u00e9lyszervezet Ukrajn\u00e1ban\" \/>\n<meta property=\"article:published_time\" content=\"2023-02-02T08:07:49+00:00\" \/>\n<meta property=\"article:modified_time\" content=\"2023-02-02T08:13:31+00:00\" \/>\n<meta property=\"og:image\" content=\"https:\/\/ukraine.hia.hu\/wp-content\/uploads\/Photo-2023.-01.-28.-17-10-07-scaled.jpg\" \/>\n\t<meta property=\"og:image:width\" content=\"2560\" \/>\n\t<meta property=\"og:image:height\" content=\"1920\" \/>\n\t<meta property=\"og:image:type\" content=\"image\/jpeg\" \/>\n<meta name=\"author\" content=\"HIA\" \/>\n<meta name=\"twitter:card\" content=\"summary_large_image\" \/>\n<meta name=\"twitter:label1\" content=\"Szerz\u0151:\" \/>\n\t<meta name=\"twitter:data1\" content=\"HIA\" \/>\n\t<meta name=\"twitter:label2\" content=\"Becs\u00fclt olvas\u00e1si id\u0151\" \/>\n\t<meta name=\"twitter:data2\" content=\"2 perc\" \/>\n<script type=\"application\/ld+json\" class=\"yoast-schema-graph\">{\"@context\":\"https:\/\/schema.org\",\"@graph\":[{\"@type\":\"Article\",\"@id\":\"https:\/\/ukraine.hia.hu\/hu\/tajvani-ukran-magyar-gombocfozes-sopronban\/#article\",\"isPartOf\":{\"@id\":\"https:\/\/ukraine.hia.hu\/hu\/tajvani-ukran-magyar-gombocfozes-sopronban\/\"},\"author\":{\"name\":\"HIA\",\"@id\":\"https:\/\/ukraine.hia.hu\/hu\/#\/schema\/person\/5618a1171741e8bbb81c8a76bfcdbfea\"},\"headline\":\"Tajvani-ukr\u00e1n-magyar gomb\u00f3cf\u0151z\u00e9s Sopronban\",\"datePublished\":\"2023-02-02T08:07:49+00:00\",\"dateModified\":\"2023-02-02T08:13:31+00:00\",\"mainEntityOfPage\":{\"@id\":\"https:\/\/ukraine.hia.hu\/hu\/tajvani-ukran-magyar-gombocfozes-sopronban\/\"},\"wordCount\":305,\"commentCount\":0,\"publisher\":{\"@id\":\"https:\/\/ukraine.hia.hu\/hu\/#organization\"},\"image\":{\"@id\":\"https:\/\/ukraine.hia.hu\/hu\/tajvani-ukran-magyar-gombocfozes-sopronban\/#primaryimage\"},\"thumbnailUrl\":\"https:\/\/ukraine.hia.hu\/wp-content\/uploads\/Photo-2023.-01.-28.-17-10-07-scaled.jpg\",\"keywords\":[\"k\u00f6z\u00f6ss\u00e9g\",\"menek\u00fcltek\",\"sopron\",\"Tajvan\"],\"articleSection\":[\"H\u00edrek\",\"Sopron\"],\"inLanguage\":\"hu\",\"potentialAction\":[{\"@type\":\"CommentAction\",\"name\":\"Comment\",\"target\":[\"https:\/\/ukraine.hia.hu\/hu\/tajvani-ukran-magyar-gombocfozes-sopronban\/#respond\"]}]},{\"@type\":\"WebPage\",\"@id\":\"https:\/\/ukraine.hia.hu\/hu\/tajvani-ukran-magyar-gombocfozes-sopronban\/\",\"url\":\"https:\/\/ukraine.hia.hu\/hu\/tajvani-ukran-magyar-gombocfozes-sopronban\/\",\"name\":\"Tajvani-ukr\u00e1n-magyar gomb\u00f3cf\u0151z\u00e9s Sopronban | Az \u00d6kumenikus Seg\u00e9lyszervezet Ukrajn\u00e1ban\",\"isPartOf\":{\"@id\":\"https:\/\/ukraine.hia.hu\/hu\/#website\"},\"primaryImageOfPage\":{\"@id\":\"https:\/\/ukraine.hia.hu\/hu\/tajvani-ukran-magyar-gombocfozes-sopronban\/#primaryimage\"},\"image\":{\"@id\":\"https:\/\/ukraine.hia.hu\/hu\/tajvani-ukran-magyar-gombocfozes-sopronban\/#primaryimage\"},\"thumbnailUrl\":\"https:\/\/ukraine.hia.hu\/wp-content\/uploads\/Photo-2023.-01.-28.-17-10-07-scaled.jpg\",\"datePublished\":\"2023-02-02T08:07:49+00:00\",\"dateModified\":\"2023-02-02T08:13:31+00:00\",\"breadcrumb\":{\"@id\":\"https:\/\/ukraine.hia.hu\/hu\/tajvani-ukran-magyar-gombocfozes-sopronban\/#breadcrumb\"},\"inLanguage\":\"hu\",\"potentialAction\":[{\"@type\":\"ReadAction\",\"target\":[\"https:\/\/ukraine.hia.hu\/hu\/tajvani-ukran-magyar-gombocfozes-sopronban\/\"]}]},{\"@type\":\"ImageObject\",\"inLanguage\":\"hu\",\"@id\":\"https:\/\/ukraine.hia.hu\/hu\/tajvani-ukran-magyar-gombocfozes-sopronban\/#primaryimage\",\"url\":\"https:\/\/ukraine.hia.hu\/wp-content\/uploads\/Photo-2023.-01.-28.-17-10-07-scaled.jpg\",\"contentUrl\":\"https:\/\/ukraine.hia.hu\/wp-content\/uploads\/Photo-2023.-01.-28.-17-10-07-scaled.jpg\",\"width\":2560,\"height\":1920},{\"@type\":\"BreadcrumbList\",\"@id\":\"https:\/\/ukraine.hia.hu\/hu\/tajvani-ukran-magyar-gombocfozes-sopronban\/#breadcrumb\",\"itemListElement\":[{\"@type\":\"ListItem\",\"position\":1,\"name\":\"Kezd\u0151lap\",\"item\":\"https:\/\/ukraine.hia.hu\/hu\/\"},{\"@type\":\"ListItem\",\"position\":2,\"name\":\"Tajvani-ukr\u00e1n-magyar gomb\u00f3cf\u0151z\u00e9s Sopronban\"}]},{\"@type\":\"WebSite\",\"@id\":\"https:\/\/ukraine.hia.hu\/hu\/#website\",\"url\":\"https:\/\/ukraine.hia.hu\/hu\/\",\"name\":\"Az \u00d6kumenikus Seg\u00e9lyszervezet Ukrajn\u00e1ban\",\"description\":\"Az \u00d6kumenikus Seg\u00e9lyszervezet Ukrajn\u00e1ban\",\"publisher\":{\"@id\":\"https:\/\/ukraine.hia.hu\/hu\/#organization\"},\"potentialAction\":[{\"@type\":\"SearchAction\",\"target\":{\"@type\":\"EntryPoint\",\"urlTemplate\":\"https:\/\/ukraine.hia.hu\/hu\/?s={search_term_string}\"},\"query-input\":\"required name=search_term_string\"}],\"inLanguage\":\"hu\"},{\"@type\":\"Organization\",\"@id\":\"https:\/\/ukraine.hia.hu\/hu\/#organization\",\"name\":\"HIA Hungary\",\"url\":\"https:\/\/ukraine.hia.hu\/hu\/\",\"logo\":{\"@type\":\"ImageObject\",\"inLanguage\":\"hu\",\"@id\":\"https:\/\/ukraine.hia.hu\/hu\/#\/schema\/logo\/image\/\",\"url\":\"https:\/\/ukraine.hia.hu\/wp-content\/uploads\/footer_logo.png\",\"contentUrl\":\"https:\/\/ukraine.hia.hu\/wp-content\/uploads\/footer_logo.png\",\"width\":350,\"height\":427,\"caption\":\"HIA Hungary\"},\"image\":{\"@id\":\"https:\/\/ukraine.hia.hu\/hu\/#\/schema\/logo\/image\/\"}},{\"@type\":\"Person\",\"@id\":\"https:\/\/ukraine.hia.hu\/hu\/#\/schema\/person\/5618a1171741e8bbb81c8a76bfcdbfea\",\"name\":\"HIA\",\"image\":{\"@type\":\"ImageObject\",\"inLanguage\":\"hu\",\"@id\":\"https:\/\/ukraine.hia.hu\/hu\/#\/schema\/person\/image\/\",\"url\":\"https:\/\/secure.gravatar.com\/avatar\/0eb37bd0c23121a70100851bb2e0123c?s=96&d=mm&r=g\",\"contentUrl\":\"https:\/\/secure.gravatar.com\/avatar\/0eb37bd0c23121a70100851bb2e0123c?s=96&d=mm&r=g\",\"caption\":\"HIA\"},\"sameAs\":[\"http:\/\/www.hia.hu\"]}]}<\/script>\n<!-- \/ Yoast SEO plugin. -->","yoast_head_json":{"title":"Tajvani-ukr\u00e1n-magyar gomb\u00f3cf\u0151z\u00e9s Sopronban | Az \u00d6kumenikus Seg\u00e9lyszervezet Ukrajn\u00e1ban","robots":{"index":"index","follow":"follow","max-snippet":"max-snippet:-1","max-image-preview":"max-image-preview:large","max-video-preview":"max-video-preview:-1"},"canonical":"https:\/\/ukraine.hia.hu\/hu\/tajvani-ukran-magyar-gombocfozes-sopronban\/","og_locale":"hu_HU","og_type":"article","og_title":"Tajvani-ukr\u00e1n-magyar gomb\u00f3cf\u0151z\u00e9s Sopronban | Az \u00d6kumenikus Seg\u00e9lyszervezet Ukrajn\u00e1ban","og_description":"Seg\u00e9lyszervezet\u00fcnk soproni int\u00e9zm\u00e9nye ny\u00e1r \u00f3ta foglalkozik ukr\u00e1n menek\u00fcltek t\u00e1mogat\u00e1s\u00e1val. A Szoci\u00e1lis \u00e9s Fejleszt\u0151 K\u00f6zpont munkat\u00e1rsai ez id\u00e1ig t\u00f6bb alkalommal is tartottak k\u00f6z\u00f6ss\u00e9g\u00e9p\u00edt\u0151 rendezv\u00e9nyt a h\u00e1bor\u00fa el\u0151l haz\u00e1nkba menek\u00fcl\u0151 ukr\u00e1n \u00e1llampolg\u00e1rok sz\u00e1m\u00e1ra.\u00a0 Szombaton ism\u00e9t egy k\u00f6z\u00f6ss\u00e9g\u00e9p\u00edt\u0151 rendezv\u00e9nynek adott otthont az int\u00e9zm\u00e9ny, amelyen a k\u00f6rny\u00e9ken \u00e9l\u0151 ukr\u00e1n menek\u00fclteken k\u00edv\u00fcl a Tajpej K\u00e9pviseleti Iroda munkat\u00e1rsai is r\u00e9szt vettek....","og_url":"https:\/\/ukraine.hia.hu\/hu\/tajvani-ukran-magyar-gombocfozes-sopronban\/","og_site_name":"Az \u00d6kumenikus Seg\u00e9lyszervezet Ukrajn\u00e1ban","article_published_time":"2023-02-02T08:07:49+00:00","article_modified_time":"2023-02-02T08:13:31+00:00","og_image":[{"width":2560,"height":1920,"url":"https:\/\/ukraine.hia.hu\/wp-content\/uploads\/Photo-2023.-01.-28.-17-10-07-scaled.jpg","type":"image\/jpeg"}],"author":"HIA","twitter_card":"summary_large_image","twitter_misc":{"Szerz\u0151:":"HIA","Becs\u00fclt olvas\u00e1si id\u0151":"2 perc"},"schema":{"@context":"https:\/\/schema.org","@graph":[{"@type":"Article","@id":"https:\/\/ukraine.hia.hu\/hu\/tajvani-ukran-magyar-gombocfozes-sopronban\/#article","isPartOf":{"@id":"https:\/\/ukraine.hia.hu\/hu\/tajvani-ukran-magyar-gombocfozes-sopronban\/"},"author":{"name":"HIA","@id":"https:\/\/ukraine.hia.hu\/hu\/#\/schema\/person\/5618a1171741e8bbb81c8a76bfcdbfea"},"headline":"Tajvani-ukr\u00e1n-magyar gomb\u00f3cf\u0151z\u00e9s Sopronban","datePublished":"2023-02-02T08:07:49+00:00","dateModified":"2023-02-02T08:13:31+00:00","mainEntityOfPage":{"@id":"https:\/\/ukraine.hia.hu\/hu\/tajvani-ukran-magyar-gombocfozes-sopronban\/"},"wordCount":305,"commentCount":0,"publisher":{"@id":"https:\/\/ukraine.hia.hu\/hu\/#organization"},"image":{"@id":"https:\/\/ukraine.hia.hu\/hu\/tajvani-ukran-magyar-gombocfozes-sopronban\/#primaryimage"},"thumbnailUrl":"https:\/\/ukraine.hia.hu\/wp-content\/uploads\/Photo-2023.-01.-28.-17-10-07-scaled.jpg","keywords":["k\u00f6z\u00f6ss\u00e9g","menek\u00fcltek","sopron","Tajvan"],"articleSection":["H\u00edrek","Sopron"],"inLanguage":"hu","potentialAction":[{"@type":"CommentAction","name":"Comment","target":["https:\/\/ukraine.hia.hu\/hu\/tajvani-ukran-magyar-gombocfozes-sopronban\/#respond"]}]},{"@type":"WebPage","@id":"https:\/\/ukraine.hia.hu\/hu\/tajvani-ukran-magyar-gombocfozes-sopronban\/","url":"https:\/\/ukraine.hia.hu\/hu\/tajvani-ukran-magyar-gombocfozes-sopronban\/","name":"Tajvani-ukr\u00e1n-magyar gomb\u00f3cf\u0151z\u00e9s Sopronban | Az \u00d6kumenikus Seg\u00e9lyszervezet Ukrajn\u00e1ban","isPartOf":{"@id":"https:\/\/ukraine.hia.hu\/hu\/#website"},"primaryImageOfPage":{"@id":"https:\/\/ukraine.hia.hu\/hu\/tajvani-ukran-magyar-gombocfozes-sopronban\/#primaryimage"},"image":{"@id":"https:\/\/ukraine.hia.hu\/hu\/tajvani-ukran-magyar-gombocfozes-sopronban\/#primaryimage"},"thumbnailUrl":"https:\/\/ukraine.hia.hu\/wp-content\/uploads\/Photo-2023.-01.-28.-17-10-07-scaled.jpg","datePublished":"2023-02-02T08:07:49+00:00","dateModified":"2023-02-02T08:13:31+00:00","breadcrumb":{"@id":"https:\/\/ukraine.hia.hu\/hu\/tajvani-ukran-magyar-gombocfozes-sopronban\/#breadcrumb"},"inLanguage":"hu","potentialAction":[{"@type":"ReadAction","target":["https:\/\/ukraine.hia.hu\/hu\/tajvani-ukran-magyar-gombocfozes-sopronban\/"]}]},{"@type":"ImageObject","inLanguage":"hu","@id":"https:\/\/ukraine.hia.hu\/hu\/tajvani-ukran-magyar-gombocfozes-sopronban\/#primaryimage","url":"https:\/\/ukraine.hia.hu\/wp-content\/uploads\/Photo-2023.-01.-28.-17-10-07-scaled.jpg","contentUrl":"https:\/\/ukraine.hia.hu\/wp-content\/uploads\/Photo-2023.-01.-28.-17-10-07-scaled.jpg","width":2560,"height":1920},{"@type":"BreadcrumbList","@id":"https:\/\/ukraine.hia.hu\/hu\/tajvani-ukran-magyar-gombocfozes-sopronban\/#breadcrumb","itemListElement":[{"@type":"ListItem","position":1,"name":"Kezd\u0151lap","item":"https:\/\/ukraine.hia.hu\/hu\/"},{"@type":"ListItem","position":2,"name":"Tajvani-ukr\u00e1n-magyar gomb\u00f3cf\u0151z\u00e9s Sopronban"}]},{"@type":"WebSite","@id":"https:\/\/ukraine.hia.hu\/hu\/#website","url":"https:\/\/ukraine.hia.hu\/hu\/","name":"Az \u00d6kumenikus Seg\u00e9lyszervezet Ukrajn\u00e1ban","description":"Az \u00d6kumenikus Seg\u00e9lyszervezet Ukrajn\u00e1ban","publisher":{"@id":"https:\/\/ukraine.hia.hu\/hu\/#organization"},"potentialAction":[{"@type":"SearchAction","target":{"@type":"EntryPoint","urlTemplate":"https:\/\/ukraine.hia.hu\/hu\/?s={search_term_string}"},"query-input":"required name=search_term_string"}],"inLanguage":"hu"},{"@type":"Organization","@id":"https:\/\/ukraine.hia.hu\/hu\/#organization","name":"HIA Hungary","url":"https:\/\/ukraine.hia.hu\/hu\/","logo":{"@type":"ImageObject","inLanguage":"hu","@id":"https:\/\/ukraine.hia.hu\/hu\/#\/schema\/logo\/image\/","url":"https:\/\/ukraine.hia.hu\/wp-content\/uploads\/footer_logo.png","contentUrl":"https:\/\/ukraine.hia.hu\/wp-content\/uploads\/footer_logo.png","width":350,"height":427,"caption":"HIA Hungary"},"image":{"@id":"https:\/\/ukraine.hia.hu\/hu\/#\/schema\/logo\/image\/"}},{"@type":"Person","@id":"https:\/\/ukraine.hia.hu\/hu\/#\/schema\/person\/5618a1171741e8bbb81c8a76bfcdbfea","name":"HIA","image":{"@type":"ImageObject","inLanguage":"hu","@id":"https:\/\/ukraine.hia.hu\/hu\/#\/schema\/person\/image\/","url":"https:\/\/secure.gravatar.com\/avatar\/0eb37bd0c23121a70100851bb2e0123c?s=96&d=mm&r=g","contentUrl":"https:\/\/secure.gravatar.com\/avatar\/0eb37bd0c23121a70100851bb2e0123c?s=96&d=mm&r=g","caption":"HIA"},"sameAs":["http:\/\/www.hia.hu"]}]}},"_links":{"self":[{"href":"https:\/\/ukraine.hia.hu\/hu\/wp-json\/wp\/v2\/posts\/6370"}],"collection":[{"href":"https:\/\/ukraine.hia.hu\/hu\/wp-json\/wp\/v2\/posts"}],"about":[{"href":"https:\/\/ukraine.hia.hu\/hu\/wp-json\/wp\/v2\/types\/post"}],"author":[{"embeddable":true,"href":"https:\/\/ukraine.hia.hu\/hu\/wp-json\/wp\/v2\/users\/1"}],"replies":[{"embeddable":true,"href":"https:\/\/ukraine.hia.hu\/hu\/wp-json\/wp\/v2\/comments?post=6370"}],"version-history":[{"count":8,"href":"https:\/\/ukraine.hia.hu\/hu\/wp-json\/wp\/v2\/posts\/6370\/revisions"}],"predecessor-version":[{"id":6397,"href":"https:\/\/ukraine.hia.hu\/hu\/wp-json\/wp\/v2\/posts\/6370\/revisions\/6397"}],"wp:featuredmedia":[{"embeddable":true,"href":"https:\/\/ukraine.hia.hu\/hu\/wp-json\/wp\/v2\/media\/6384"}],"wp:attachment":[{"href":"https:\/\/ukraine.hia.hu\/hu\/wp-json\/wp\/v2\/media?parent=6370"}],"wp:term":[{"taxonomy":"category","embeddable":true,"href":"https:\/\/ukraine.hia.hu\/hu\/wp-json\/wp\/v2\/categories?post=6370"},{"taxonomy":"post_tag","embeddable":true,"href":"https:\/\/ukraine.hia.hu\/hu\/wp-json\/wp\/v2\/tags?post=6370"}],"curies":[{"name":"wp","href":"https:\/\/api.w.org\/{rel}","templated":true}]}}