{"id":6938,"date":"2023-03-29T13:06:51","date_gmt":"2023-03-29T11:06:51","guid":{"rendered":"https:\/\/ukraine.hia.hu\/?p=6938"},"modified":"2023-03-29T13:12:57","modified_gmt":"2023-03-29T11:12:57","slug":"a-viszontlatas-orome","status":"publish","type":"post","link":"https:\/\/ukraine.hia.hu\/hu\/a-viszontlatas-orome\/","title":{"rendered":"A viszontl\u00e1t\u00e1s \u00f6r\u00f6me"},"content":{"rendered":"\t\t<div data-elementor-type=\"wp-post\" data-elementor-id=\"6938\" class=\"elementor elementor-6938 elementor-6882\">\n\t\t\t\t\t\t<section class=\"elementor-section elementor-top-section elementor-element elementor-element-f3b54e6 elementor-section-boxed elementor-section-height-default elementor-section-height-default\" data-id=\"f3b54e6\" data-element_type=\"section\">\n\t\t\t\t\t\t<div class=\"elementor-container elementor-column-gap-default\">\n\t\t\t\t\t<div class=\"elementor-column elementor-col-100 elementor-top-column elementor-element elementor-element-841bcfe\" data-id=\"841bcfe\" data-element_type=\"column\">\n\t\t\t<div class=\"elementor-widget-wrap elementor-element-populated\">\n\t\t\t\t\t\t<section class=\"elementor-section elementor-inner-section elementor-element elementor-element-b4f7cf9 elementor-section-boxed elementor-section-height-default elementor-section-height-default\" data-id=\"b4f7cf9\" data-element_type=\"section\">\n\t\t\t\t\t\t<div class=\"elementor-container elementor-column-gap-default\">\n\t\t\t\t\t<div class=\"elementor-column elementor-col-50 elementor-inner-column elementor-element elementor-element-124e5eb\" data-id=\"124e5eb\" data-element_type=\"column\">\n\t\t\t<div class=\"elementor-widget-wrap elementor-element-populated\">\n\t\t\t\t\t\t<div class=\"elementor-element elementor-element-2460c47 elementor-widget elementor-widget-text-editor\" data-id=\"2460c47\" data-element_type=\"widget\" data-widget_type=\"text-editor.default\">\n\t\t\t\t<div class=\"elementor-widget-container\">\n\t\t\t<style>\/*! elementor - v3.20.0 - 13-03-2024 *\/\n.elementor-widget-text-editor.elementor-drop-cap-view-stacked .elementor-drop-cap{background-color:#69727d;color:#fff}.elementor-widget-text-editor.elementor-drop-cap-view-framed .elementor-drop-cap{color:#69727d;border:3px solid;background-color:transparent}.elementor-widget-text-editor:not(.elementor-drop-cap-view-default) .elementor-drop-cap{margin-top:8px}.elementor-widget-text-editor:not(.elementor-drop-cap-view-default) .elementor-drop-cap-letter{width:1em;height:1em}.elementor-widget-text-editor .elementor-drop-cap{float:left;text-align:center;line-height:1;font-size:50px}.elementor-widget-text-editor .elementor-drop-cap-letter{display:inline-block}<\/style>\t\t\t\t<p><em>&#8222;\u00d3, Angyal, \u00f6lelj \u00e1t minket sz\u00e1rnyaiddal,<\/em><\/p><p><em>Isten Anyja, \u00e1ldj meg mindenkit k\u00f6ny\u00f6r\u00fcleteddel,<\/em><\/p><p><em>Csal\u00e1djainkban legyen szeretet \u00e9s megbecs\u00fcl\u00e9s,<\/em><\/p><p><em>Bar\u00e1tainkra mindig el\u00e9g figyelmet ford\u00edtsunk.<\/em><\/p><p><em>Adj nek\u00fcnk tart\u00f3s eg\u00e9szs\u00e9get \u00e9s el\u00e9gedetts\u00e9get,<\/em><\/p><p><em>Adj nek\u00fcnk j\u00f3l\u00e9tet, b\u00e9k\u00e9t \u00e9s boldogs\u00e1got,<\/em><\/p><p><em>Sz\u00edv\u00fcnkb\u0151l tegy\u00e9l lak\u00f3helyet a j\u00f3s\u00e1gnak.&#8221;<\/em><\/p>\t\t\t\t\t\t<\/div>\n\t\t\t\t<\/div>\n\t\t\t\t\t<\/div>\n\t\t<\/div>\n\t\t\t\t<div class=\"elementor-column elementor-col-50 elementor-inner-column elementor-element elementor-element-a505538\" data-id=\"a505538\" data-element_type=\"column\">\n\t\t\t<div class=\"elementor-widget-wrap elementor-element-populated\">\n\t\t\t\t\t\t<div class=\"elementor-element elementor-element-abb6c79 elementor-widget elementor-widget-image\" data-id=\"abb6c79\" data-element_type=\"widget\" data-widget_type=\"image.default\">\n\t\t\t\t<div class=\"elementor-widget-container\">\n\t\t\t<style>\/*! elementor - v3.20.0 - 13-03-2024 *\/\n.elementor-widget-image{text-align:center}.elementor-widget-image a{display:inline-block}.elementor-widget-image a img[src$=\".svg\"]{width:48px}.elementor-widget-image img{vertical-align:middle;display:inline-block}<\/style>\t\t\t\t\t\t\t\t\t\t<img fetchpriority=\"high\" decoding=\"async\" width=\"1024\" height=\"576\" src=\"https:\/\/ukraine.hia.hu\/wp-content\/uploads\/Lydia2-1024x576.jpg\" class=\"attachment-large size-large wp-image-6887\" alt=\"\" srcset=\"https:\/\/ukraine.hia.hu\/wp-content\/uploads\/Lydia2-1024x576.jpg 1024w, https:\/\/ukraine.hia.hu\/wp-content\/uploads\/Lydia2-300x169.jpg 300w, https:\/\/ukraine.hia.hu\/wp-content\/uploads\/Lydia2-768x432.jpg 768w, https:\/\/ukraine.hia.hu\/wp-content\/uploads\/Lydia2-1536x864.jpg 1536w, https:\/\/ukraine.hia.hu\/wp-content\/uploads\/Lydia2-2048x1152.jpg 2048w\" sizes=\"(max-width: 1024px) 100vw, 1024px\" \/>\t\t\t\t\t\t\t\t\t\t\t\t\t<\/div>\n\t\t\t\t<\/div>\n\t\t\t\t<div class=\"elementor-element elementor-element-d994859 elementor-widget elementor-widget-text-editor\" data-id=\"d994859\" data-element_type=\"widget\" data-widget_type=\"text-editor.default\">\n\t\t\t\t<div class=\"elementor-widget-container\">\n\t\t\t\t\t\t\t\t\t\t\t\t\t<\/div>\n\t\t\t\t<\/div>\n\t\t\t\t\t<\/div>\n\t\t<\/div>\n\t\t\t\t\t<\/div>\n\t\t<\/section>\n\t\t\t\t\t<\/div>\n\t\t<\/div>\n\t\t\t\t\t<\/div>\n\t\t<\/section>\n\t\t\t\t<section class=\"elementor-section elementor-top-section elementor-element elementor-element-46eb089 elementor-section-boxed elementor-section-height-default elementor-section-height-default\" data-id=\"46eb089\" data-element_type=\"section\">\n\t\t\t\t\t\t<div class=\"elementor-container elementor-column-gap-default\">\n\t\t\t\t\t<div class=\"elementor-column elementor-col-100 elementor-top-column elementor-element elementor-element-4842224\" data-id=\"4842224\" data-element_type=\"column\">\n\t\t\t<div class=\"elementor-widget-wrap elementor-element-populated\">\n\t\t\t\t\t\t<div class=\"elementor-element elementor-element-9ac6631 elementor-widget elementor-widget-text-editor\" data-id=\"9ac6631\" data-element_type=\"widget\" data-widget_type=\"text-editor.default\">\n\t\t\t\t<div class=\"elementor-widget-container\">\n\t\t\t\t\t\t\t<p><strong>Ezt a verset szavalta L\u00eddia a Rokytne-i k\u00f6z\u00f6ss\u00e9gi h\u00e1z zs\u00fafolt, hideg helyis\u00e9g\u00e9ben. Az \u00d6kumenikus Seg\u00e9lyszervezet munkat\u00e1rsai l\u00e9legzetvisszafogva figyelt\u00e9k \u0151t, amint szaval\u00e1s k\u00f6zben vak szem\u00e9b\u0151l gyeng\u00e9den potyogtak az \u00f6r\u00f6mk\u00f6nnyek. &#8222;Csoda volt, hogy \u00d6n\u00f6k megjelentek Rokytn\u00e9ben&#8221; &#8211; mondta a Seg\u00e9lyszervezet World Vision \u00e1ltal t\u00e1mogatott k\u00e9szp\u00e9nzes seg\u00e9lyprogramj\u00e1nak a regisztr\u00e1l\u00f3 csapat\u00e1r\u00f3l. &#8222;Mintha Isten k\u00fcld\u00f6tt volna titeket&#8221; &#8211; teszi hozz\u00e1, mindig tartva a szemkontaktust, most, hogy egy h\u00f3nap ut\u00e1n m\u00e1r legal\u00e1bb a jobb szem\u00e9vel l\u00e1t.<\/strong> <\/p>\t\t\t\t\t\t<\/div>\n\t\t\t\t<\/div>\n\t\t\t\t\t<\/div>\n\t\t<\/div>\n\t\t\t\t\t<\/div>\n\t\t<\/section>\n\t\t\t\t<section class=\"elementor-section elementor-top-section elementor-element elementor-element-a399f13 elementor-section-boxed elementor-section-height-default elementor-section-height-default\" data-id=\"a399f13\" data-element_type=\"section\">\n\t\t\t\t\t\t<div class=\"elementor-container elementor-column-gap-default\">\n\t\t\t\t\t<div class=\"elementor-column elementor-col-100 elementor-top-column elementor-element elementor-element-8ac3e0d\" data-id=\"8ac3e0d\" data-element_type=\"column\">\n\t\t\t<div class=\"elementor-widget-wrap elementor-element-populated\">\n\t\t\t\t\t\t<div class=\"elementor-element elementor-element-6b6479c elementor-widget elementor-widget-text-editor\" data-id=\"6b6479c\" data-element_type=\"widget\" data-widget_type=\"text-editor.default\">\n\t\t\t\t<div class=\"elementor-widget-container\">\n\t\t\t\t\t\t\t<p><b>Vakon az ismeretlenbe<\/b><\/p><p>A hatvan\u00f6t \u00e9ves asszonyn\u00e1l h\u00faszas \u00e9vei elej\u00e9n diagnosztiz\u00e1lt\u00e1k a cukorbetegs\u00e9get. A gyakran kegyetlen betegs\u00e9g az \u00e9lete r\u00e9sz\u00e9v\u00e9 v\u00e1lt, \u00e9s ahogy \u00f6regedett, \u00fagy szaporodtak a vele j\u00e1r\u00f3 eg\u00e9szs\u00e9g\u00fcgyi probl\u00e9m\u00e1k.<\/p><p>Az elm\u00falt negyven \u00e9vet az ukrajnai Dnyipro r\u00e9gi\u00f3ban, a foly\u00f3parti Nikopol v\u00e1ros\u00e1ban t\u00f6lt\u00f6tte. Abban a pillanatban, amikor az orosz megsz\u00e1ll\u00f3 er\u0151k megt\u00e1madt\u00e1k a szomsz\u00e9dos Zaporizzsjai ter\u00fcletet, L\u00eddia feladta h\u00e1romszob\u00e1s lak\u00e1s\u00e1t \u00e9s &#8211; mint minden bels\u0151 menek\u00fclt &#8211; kor\u00e1bbi \u00e9let\u00e9t. &#8222;Ugyan, az \u00e9let sokkal \u00e9rt\u00e9kesebb, mint holmi anyagi javak&#8221; &#8211; ki\u00e1lt fel, \u00e9s lemond\u00f3an legyint a kez\u00e9vel.<\/p><p>&#8222;A l\u00e1t\u00e1som akkor m\u00e1r er\u0151sen leromlott. Nyilv\u00e1n a h\u00e1bor\u00fa borzalmai sem seg\u00edtettek&#8221; &#8211; teszi hozz\u00e1.<\/p><p>Rokytne k\u00f6zpontj\u00e1ban tal\u00e1lkozunk. L\u00eddia s\u00f6t\u00e9tk\u00e9k t\u00e9likab\u00e1tot visel, kez\u00e9ben j\u00e1r\u00f3botot \u00e9s m\u0171anyag t\u00e1sk\u00e1t tart. &#8222;\u00c9n pont \u00fagy \u00e9rkeztem ide, ahogy \u00f6n\u00f6k most l\u00e1tnak engem. Semmi t\u00f6bbel. Abban a pillanatban, amikor Zaporizzsj\u00e1ra bomb\u00e1k kezdtek hullani, be\u00fcltem egy aut\u00f3ba, \u00e9s n\u00e9h\u00e1ny nap m\u00falva visszat\u00e9rtem a sz\u00fcl\u0151v\u00e1rosomba, ahol n\u00e9gy \u00e9vtizede nem j\u00e1rtam&#8221; &#8211; eml\u00e9kszik vissza.<\/p><p>L\u00eddia Rokytn\u00e9ben sz\u00fcletett \u00e9s n\u0151tt fel, most pedig elhideg\u00fclt b\u00e1tyja h\u00e1z\u00e1ban tal\u00e1lt mened\u00e9ket.<\/p><p><span style=\"color: var( --e-global-color-text ); font-family: var( --e-global-typography-text-font-family ), Sans-serif; font-size: var( --e-global-typography-text-font-size ); font-weight: var( --e-global-typography-text-font-weight ); background-color: transparent;\">Szerencs\u00e9je volt, hogy orvosa m\u00e9g Nikopolban extra adag inzulinnal l\u00e1tta el, \u00e9rezve, hogy s\u00f6t\u00e9t, neh\u00e9z id\u0151k j\u00f6nnek. A jobb szem\u00e9t k\u00e9t \u00e9vvel ezel\u0151tt oper\u00e1lt\u00e1k meg Harkivban, amelyet \u00e9pp\u00fagy feld\u00falt a h\u00e1bor\u00fa, mint azt a r\u00e9gi\u00f3t, ahonnan Lydi\u00e1nak menek\u00fclnie kellett. A h\u00e1bor\u00fa els\u0151 h\u00f3napjaiban tapasztalt \u00e1tmeneti gy\u00f3gyszerhi\u00e1ny miatt azonban a l\u00e1t\u00e1sa s\u00falyos k\u00e1rosod\u00e1sig romlott, &#8222;gyakorlatilag vaks\u00e1gig&#8221;, ahogy Lydia maga is fogalmaz.<\/span><\/p><p>Mire a Seg\u00e9lyszervezet helysz\u00edni csapata Rokytn\u00e9be \u00e9rkezett, Lydia m\u00e1r h\u00f3napokat t\u00f6lt\u00f6tt s\u00f6t\u00e9ts\u00e9gben.<\/p>\t\t\t\t\t\t<\/div>\n\t\t\t\t<\/div>\n\t\t\t\t\t<\/div>\n\t\t<\/div>\n\t\t\t\t\t<\/div>\n\t\t<\/section>\n\t\t\t\t<section class=\"elementor-section elementor-top-section elementor-element elementor-element-5b06f49 elementor-section-boxed elementor-section-height-default elementor-section-height-default\" data-id=\"5b06f49\" data-element_type=\"section\">\n\t\t\t\t\t\t<div class=\"elementor-container elementor-column-gap-default\">\n\t\t\t\t\t<div class=\"elementor-column elementor-col-100 elementor-top-column elementor-element elementor-element-e28b301\" data-id=\"e28b301\" data-element_type=\"column\">\n\t\t\t<div class=\"elementor-widget-wrap elementor-element-populated\">\n\t\t\t\t\t\t<div class=\"elementor-element elementor-element-ebe3162 elementor-widget elementor-widget-image\" data-id=\"ebe3162\" data-element_type=\"widget\" data-widget_type=\"image.default\">\n\t\t\t\t<div class=\"elementor-widget-container\">\n\t\t\t\t\t\t\t\t\t\t\t\t\t<img decoding=\"async\" width=\"1024\" height=\"576\" src=\"https:\/\/ukraine.hia.hu\/wp-content\/uploads\/Lydia-and-family-1024x576.jpg\" class=\"attachment-large size-large wp-image-6890\" alt=\"\" srcset=\"https:\/\/ukraine.hia.hu\/wp-content\/uploads\/Lydia-and-family-1024x576.jpg 1024w, https:\/\/ukraine.hia.hu\/wp-content\/uploads\/Lydia-and-family-300x169.jpg 300w, https:\/\/ukraine.hia.hu\/wp-content\/uploads\/Lydia-and-family-768x432.jpg 768w, https:\/\/ukraine.hia.hu\/wp-content\/uploads\/Lydia-and-family-1536x864.jpg 1536w, https:\/\/ukraine.hia.hu\/wp-content\/uploads\/Lydia-and-family-2048x1152.jpg 2048w\" sizes=\"(max-width: 1024px) 100vw, 1024px\" \/>\t\t\t\t\t\t\t\t\t\t\t\t\t<\/div>\n\t\t\t\t<\/div>\n\t\t\t\t\t<\/div>\n\t\t<\/div>\n\t\t\t\t\t<\/div>\n\t\t<\/section>\n\t\t\t\t<section class=\"elementor-section elementor-top-section elementor-element elementor-element-5029875 elementor-section-boxed elementor-section-height-default elementor-section-height-default\" data-id=\"5029875\" data-element_type=\"section\">\n\t\t\t\t\t\t<div class=\"elementor-container elementor-column-gap-default\">\n\t\t\t\t\t<div class=\"elementor-column elementor-col-100 elementor-top-column elementor-element elementor-element-9a9123a\" data-id=\"9a9123a\" data-element_type=\"column\">\n\t\t\t<div class=\"elementor-widget-wrap elementor-element-populated\">\n\t\t\t\t\t\t<div class=\"elementor-element elementor-element-3dff0e6 elementor-widget elementor-widget-text-editor\" data-id=\"3dff0e6\" data-element_type=\"widget\" data-widget_type=\"text-editor.default\">\n\t\t\t\t<div class=\"elementor-widget-container\">\n\t\t\t\t\t\t\t<p><strong>Negyven plusz egy \u00e9v<\/strong><\/p><p>&#8222;El tudod k\u00e9pzelni, hogy a karjaimban tartottam, amikor ilyen kicsi volt?&#8221; &#8211; k\u00e9rdezi L\u00eddia, \u00e9s Natas\u00e1ra mutat, aki egy kis helyi \u00e9ttermet vezet, ahol le\u00fclt\u00fcnk a tal\u00e1lkoz\u00f3nkra.<\/p><p>Az \u00e9tterem vezet\u0151je L\u00eddia unokah\u00faga, de elt\u00e1volodtak egym\u00e1st\u00f3l, amikor a k\u00e9szp\u00e9nzt\u00e1mogat\u00e1si program kedvezm\u00e9nyezettje Nikopolba t\u00e1vozott. V\u00e9letlen\u00fcl tal\u00e1lkoztak a k\u00f6z\u00f6ss\u00e9gi h\u00e1zban egy humanit\u00e1rius seg\u00e9lyoszt\u00e1s alkalm\u00e1val.<\/p><p>&#8222;Negyven \u00e9ve nem l\u00e1ttuk egym\u00e1st&#8221; &#8211; mosolyog Natasa. L\u00eddia azonnal tr\u00e9f\u00e1san helyreigaz\u00edtja. &#8222;Val\u00f3j\u00e1ban negyven \u00e9s egy \u00e9ve, mert t\u00e9nyszer\u0171en nem l\u00e1thattam, mikor \u00fajra tal\u00e1lkoztunk&#8221;.<\/p><p>Natas\u00e1b\u00f3l sug\u00e1rzik a j\u00f3sz\u00edv\u0171s\u00e9g \u00e9s a m\u00e1sokon val\u00f3 seg\u00edteni akar\u00e1s. A fi\u00e1val egy\u00fctt f\u0151z\u00f6tt L\u00eddi\u00e1nak, \u00e9s mindenben seg\u00edtettek, hiszen \u0151 nem &#8222;csak egy t\u00e1mogat\u00e1sra szorul\u00f3 idegen&#8221;, hanem csal\u00e1dtag. Amennyire csak lehetett, gondoskodtak r\u00f3la, de L\u00eddia sz\u00fcks\u00e9gleteinek kiel\u00e9g\u00edt\u00e9se anyagi korl\u00e1tokba \u00fctk\u00f6zik.<\/p><p>B\u00e1r Natasha elveszettnek hitt nagyn\u00e9nj\u00e9nek jobb szem\u00e9re hom\u00e1lyos volt a l\u00e1t\u00e1sa, ez gy\u00f3gyszerekkel kezelhet\u0151 volt. A bal szem\u00e9n azonban s\u00fcrg\u0151s beavatkoz\u00e1sra van sz\u00fcks\u00e9g. Ha ez nem t\u00f6rt\u00e9nik meg az elk\u00f6vetkez\u0151 h\u00f3napokban, akkor v\u00e9gleg elvesz\u00edtheti a l\u00e1t\u00e1s\u00e1t a bal szem\u00e9re. Egy ilyen m\u0171t\u00e9t k\u00f6lts\u00e9ges v\u00e1llalkoz\u00e1s, \u00e9s sem Natasa, sem L\u00eddia egyetlen fia, akinek a beh\u00edv\u00e1s\u00e1t\u00f3l tart, nem tudja el\u0151teremteni a sz\u00fcks\u00e9ges \u00f6sszeget. A hatvan\u00f6t \u00e9ves n\u0151 csek\u00e9ly nyugd\u00edja, amely kevesebb mint 60 doll\u00e1rnak felel meg, alig el\u00e9g a gy\u00f3gyszerekre, nemhogy egy dr\u00e1ga m\u0171t\u00e9tre.<\/p><p>Nem mellesleg Natasha nemr\u00e9g nagymama lett.<\/p><p>Sokan menek\u00fcltek a h\u00e1bor\u00fa \u00e9s a megsz\u00e1ll\u00e1s el\u0151l Rokytn\u00e9be &#8211; sokan k\u00f6z\u00fcl\u00fck Herszonb\u00f3l, a nyolc h\u00f3napig orosz megsz\u00e1ll\u00e1s alatt \u00e1ll\u00f3 d\u00e9li kik\u00f6t\u0151v\u00e1rosb\u00f3l. Egyik\u00fck, egy fiatal n\u0151, pont \u00fagy \u00e9rkezett, mint L\u00eddia: azokkal a ruh\u00e1kkal, amik \u00e9pp rajta voltak meg egy gyorsan megpakolt kis t\u00e1sk\u00e1val menek\u00fclt el. L\u00eddi\u00e1val ellent\u00e9tben azonban neki nem volt hov\u00e1 mennie. Eg\u00e9szen addig nem, am\u00edg nem tal\u00e1lkozott Natasha fi\u00e1val, aki \u00f6nk\u00e9ntesk\u00e9nt seg\u00edtette a bels\u0151 menek\u00fclteket. Megk\u00e9rte az \u00e9desanyj\u00e1t, hogy vigye el \u0151t az otthonukba. Egyik dolog k\u00f6vette a m\u00e1sikat, a fiatalok egym\u00e1sba szerettek, \u00e9s kilenc h\u00f3nappal k\u00e9s\u0151bb, janu\u00e1rban szerelm\u00fck gy\u00fcm\u00f6lcse is napvil\u00e1got l\u00e1tott.<\/p>\t\t\t\t\t\t<\/div>\n\t\t\t\t<\/div>\n\t\t\t\t\t<\/div>\n\t\t<\/div>\n\t\t\t\t\t<\/div>\n\t\t<\/section>\n\t\t\t\t<section class=\"elementor-section elementor-top-section elementor-element elementor-element-5877fe0 elementor-section-boxed elementor-section-height-default elementor-section-height-default\" data-id=\"5877fe0\" data-element_type=\"section\">\n\t\t\t\t\t\t<div class=\"elementor-container elementor-column-gap-default\">\n\t\t\t\t\t<div class=\"elementor-column elementor-col-100 elementor-top-column elementor-element elementor-element-8029ede\" data-id=\"8029ede\" data-element_type=\"column\">\n\t\t\t<div class=\"elementor-widget-wrap elementor-element-populated\">\n\t\t\t\t\t\t<div class=\"elementor-element elementor-element-1da0112 elementor-widget elementor-widget-image\" data-id=\"1da0112\" data-element_type=\"widget\" data-widget_type=\"image.default\">\n\t\t\t\t<div class=\"elementor-widget-container\">\n\t\t\t\t\t\t\t\t\t\t\t\t\t<img decoding=\"async\" width=\"1024\" height=\"576\" src=\"https:\/\/ukraine.hia.hu\/wp-content\/uploads\/Lydia-1-1024x576.jpg\" class=\"attachment-large size-large wp-image-6893\" alt=\"\" srcset=\"https:\/\/ukraine.hia.hu\/wp-content\/uploads\/Lydia-1-1024x576.jpg 1024w, https:\/\/ukraine.hia.hu\/wp-content\/uploads\/Lydia-1-300x169.jpg 300w, https:\/\/ukraine.hia.hu\/wp-content\/uploads\/Lydia-1-768x432.jpg 768w, https:\/\/ukraine.hia.hu\/wp-content\/uploads\/Lydia-1-1536x864.jpg 1536w, https:\/\/ukraine.hia.hu\/wp-content\/uploads\/Lydia-1-2048x1152.jpg 2048w\" sizes=\"(max-width: 1024px) 100vw, 1024px\" \/>\t\t\t\t\t\t\t\t\t\t\t\t\t<\/div>\n\t\t\t\t<\/div>\n\t\t\t\t\t<\/div>\n\t\t<\/div>\n\t\t\t\t\t<\/div>\n\t\t<\/section>\n\t\t\t\t<section class=\"elementor-section elementor-top-section elementor-element elementor-element-7c51881 elementor-section-boxed elementor-section-height-default elementor-section-height-default\" data-id=\"7c51881\" data-element_type=\"section\">\n\t\t\t\t\t\t<div class=\"elementor-container elementor-column-gap-default\">\n\t\t\t\t\t<div class=\"elementor-column elementor-col-100 elementor-top-column elementor-element elementor-element-bc1d85f\" data-id=\"bc1d85f\" data-element_type=\"column\">\n\t\t\t<div class=\"elementor-widget-wrap elementor-element-populated\">\n\t\t\t\t\t\t<div class=\"elementor-element elementor-element-da730fc elementor-widget elementor-widget-text-editor\" data-id=\"da730fc\" data-element_type=\"widget\" data-widget_type=\"text-editor.default\">\n\t\t\t\t<div class=\"elementor-widget-container\">\n\t\t\t\t\t\t\t<p><strong>\u00d6r\u00fcl\u00f6k, hogy \u00fajra l\u00e1tlak<\/strong><\/p><p>&#8222;Amikor j\u00f6tt az \u00e9rtes\u00edt\u00e9s, hogy a p\u00e9nzt \u00e1tutalt\u00e1k, el sem tudtam olvasni. Azt\u00e1n amikor felolvast\u00e1k nekem, el\u0151sz\u00f6r nem tudtam elhinni. Most pedig egy\u00e9tek tov\u00e1bb a palacsint\u00e1tokat, am\u00edg meleg&#8221; &#8211; adja ki a parancsot L\u00eddia nagymam\u00e1san.<\/p><p>Ragaszkodott hozz\u00e1, hogy \u0151 k\u00e9sz\u00edthesse az eb\u00e9det, amit v\u00e9g\u00fcl Natas\u00e1n\u00e1l fogyaszthattunk el &#8211; ezzel is kifejezve h\u00e1l\u00e1j\u00e1t. &#8222;V\u00e9gre \u00fajra tudok f\u0151zni, mert l\u00e1tom, mit csin\u00e1lok. \u00c9s v\u00e9gre tudok vigy\u00e1zni magamra&#8221; &#8211; folytatja, \u00e9s elmagyar\u00e1zza, hogy a Seg\u00e9lyszervezet \u00e9s a World Vision \u00e1ltal ny\u00fajtott k\u00e9szp\u00e9nzt\u00e1mogat\u00e1s egy r\u00e9sz\u00e9t a jobb szem\u00e9re val\u00f3 l\u00e1t\u00e1s\u00e1nak visszanyer\u00e9s\u00e9hez sz\u00fcks\u00e9ges eg\u00e9szs\u00e9g\u00fcgyi ell\u00e1t\u00e1sra ford\u00edtotta. R\u00e1ad\u00e1sul m\u00e1r nem \u00e9rzi mag\u00e1t tehernek, hiszen a csal\u00e1dja seg\u00edts\u00e9g\u00e9re tud lenni.<\/p><p>Elmond\u00e1sa szerint minden szenved\u00e9st meg\u00e9r, hogy \u00fajra l\u00e1thatja az unokah\u00fag\u00e1t, \u00e9s l\u00e1thatja, hogy b\u0151v\u00fcl a csal\u00e1dja. V\u00e9g\u00fcl is &#8211; folytatja &#8211; a csal\u00e1d az egyetlen dolog, ami sz\u00e1m\u00edt.<\/p><p>&#8222;B\u00e9ke, boldogs\u00e1g, szeretet. Ez az \u00e9n elk\u00e9pzel\u00e9sem a vil\u00e1gr\u00f3l.&#8221;<\/p><p>L\u00eddi\u00e1t szem\u00e9t a k\u00f6vetkez\u0151 h\u00f3napokban fogj\u00e1k megm\u0171teni, amelyet a World Vision t\u00e1mogat\u00e1sa tesz lehet\u0151v\u00e9.<\/p>\t\t\t\t\t\t<\/div>\n\t\t\t\t<\/div>\n\t\t\t\t\t<\/div>\n\t\t<\/div>\n\t\t\t\t\t<\/div>\n\t\t<\/section>\n\t\t\t\t<\/div>\n\t\t","protected":false},"excerpt":{"rendered":"<p>&#8222;\u00d3, Angyal, \u00f6lelj \u00e1t minket sz\u00e1rnyaiddal, Isten Anyja, \u00e1ldj meg mindenkit k\u00f6ny\u00f6r\u00fcleteddel, Csal\u00e1djainkban legyen szeretet \u00e9s megbecs\u00fcl\u00e9s, Bar\u00e1tainkra mindig el\u00e9g figyelmet ford\u00edtsunk. Adj nek\u00fcnk tart\u00f3s eg\u00e9szs\u00e9get \u00e9s el\u00e9gedetts\u00e9get, Adj nek\u00fcnk j\u00f3l\u00e9tet, b\u00e9k\u00e9t \u00e9s boldogs\u00e1got, Sz\u00edv\u00fcnkb\u0151l tegy\u00e9l lak\u00f3helyet a j\u00f3s\u00e1gnak.&#8221; Ezt a verset szavalta L\u00eddia a Rokytne-i k\u00f6z\u00f6ss\u00e9gi h\u00e1z zs\u00fafolt, hideg helyis\u00e9g\u00e9ben. Az \u00d6kumenikus Seg\u00e9lyszervezet munkat\u00e1rsai&#8230;<\/p>\n","protected":false},"author":1,"featured_media":6884,"comment_status":"closed","ping_status":"closed","sticky":false,"template":"","format":"standard","meta":{"_acf_changed":false,"_kad_post_transparent":"","_kad_post_title":"","_kad_post_layout":"","_kad_post_sidebar_id":"","_kad_post_content_style":"","_kad_post_vertical_padding":"","_kad_post_feature":"","_kad_post_feature_position":"","_kad_post_header":false,"_kad_post_footer":false,"footnotes":"","_wp_rev_ctl_limit":""},"categories":[5],"tags":[163],"acf":[],"yoast_head":"<!-- This site is optimized with the Yoast SEO plugin v22.2 - https:\/\/yoast.com\/wordpress\/plugins\/seo\/ -->\n<title>A viszontl\u00e1t\u00e1s \u00f6r\u00f6me | Az \u00d6kumenikus Seg\u00e9lyszervezet Ukrajn\u00e1ban<\/title>\n<meta name=\"robots\" content=\"index, follow, max-snippet:-1, max-image-preview:large, max-video-preview:-1\" \/>\n<link rel=\"canonical\" href=\"https:\/\/ukraine.hia.hu\/hu\/a-viszontlatas-orome\/\" \/>\n<meta property=\"og:locale\" content=\"hu_HU\" \/>\n<meta property=\"og:type\" content=\"article\" \/>\n<meta property=\"og:title\" content=\"A viszontl\u00e1t\u00e1s \u00f6r\u00f6me | Az \u00d6kumenikus Seg\u00e9lyszervezet Ukrajn\u00e1ban\" \/>\n<meta property=\"og:description\" content=\"&#8222;\u00d3, Angyal, \u00f6lelj \u00e1t minket sz\u00e1rnyaiddal, Isten Anyja, \u00e1ldj meg mindenkit k\u00f6ny\u00f6r\u00fcleteddel, Csal\u00e1djainkban legyen szeretet \u00e9s megbecs\u00fcl\u00e9s, Bar\u00e1tainkra mindig el\u00e9g figyelmet ford\u00edtsunk. Adj nek\u00fcnk tart\u00f3s eg\u00e9szs\u00e9get \u00e9s el\u00e9gedetts\u00e9get, Adj nek\u00fcnk j\u00f3l\u00e9tet, b\u00e9k\u00e9t \u00e9s boldogs\u00e1got, Sz\u00edv\u00fcnkb\u0151l tegy\u00e9l lak\u00f3helyet a j\u00f3s\u00e1gnak.&#8221; Ezt a verset szavalta L\u00eddia a Rokytne-i k\u00f6z\u00f6ss\u00e9gi h\u00e1z zs\u00fafolt, hideg helyis\u00e9g\u00e9ben. Az \u00d6kumenikus Seg\u00e9lyszervezet munkat\u00e1rsai...\" \/>\n<meta property=\"og:url\" content=\"https:\/\/ukraine.hia.hu\/hu\/a-viszontlatas-orome\/\" \/>\n<meta property=\"og:site_name\" content=\"Az \u00d6kumenikus Seg\u00e9lyszervezet Ukrajn\u00e1ban\" \/>\n<meta property=\"article:published_time\" content=\"2023-03-29T11:06:51+00:00\" \/>\n<meta property=\"article:modified_time\" content=\"2023-03-29T11:12:57+00:00\" \/>\n<meta property=\"og:image\" content=\"https:\/\/ukraine.hia.hu\/wp-content\/uploads\/Lydia-and-niece-scaled.jpg\" \/>\n\t<meta property=\"og:image:width\" content=\"2560\" \/>\n\t<meta property=\"og:image:height\" content=\"1440\" \/>\n\t<meta property=\"og:image:type\" content=\"image\/jpeg\" \/>\n<meta name=\"author\" content=\"HIA\" \/>\n<meta name=\"twitter:card\" content=\"summary_large_image\" \/>\n<meta name=\"twitter:label1\" content=\"Szerz\u0151:\" \/>\n\t<meta name=\"twitter:data1\" content=\"HIA\" \/>\n\t<meta name=\"twitter:label2\" content=\"Becs\u00fclt olvas\u00e1si id\u0151\" \/>\n\t<meta name=\"twitter:data2\" content=\"5 perc\" \/>\n<script type=\"application\/ld+json\" class=\"yoast-schema-graph\">{\"@context\":\"https:\/\/schema.org\",\"@graph\":[{\"@type\":\"Article\",\"@id\":\"https:\/\/ukraine.hia.hu\/hu\/a-viszontlatas-orome\/#article\",\"isPartOf\":{\"@id\":\"https:\/\/ukraine.hia.hu\/hu\/a-viszontlatas-orome\/\"},\"author\":{\"name\":\"HIA\",\"@id\":\"https:\/\/ukraine.hia.hu\/hu\/#\/schema\/person\/5618a1171741e8bbb81c8a76bfcdbfea\"},\"headline\":\"A viszontl\u00e1t\u00e1s \u00f6r\u00f6me\",\"datePublished\":\"2023-03-29T11:06:51+00:00\",\"dateModified\":\"2023-03-29T11:12:57+00:00\",\"mainEntityOfPage\":{\"@id\":\"https:\/\/ukraine.hia.hu\/hu\/a-viszontlatas-orome\/\"},\"wordCount\":1274,\"publisher\":{\"@id\":\"https:\/\/ukraine.hia.hu\/hu\/#organization\"},\"image\":{\"@id\":\"https:\/\/ukraine.hia.hu\/hu\/a-viszontlatas-orome\/#primaryimage\"},\"thumbnailUrl\":\"https:\/\/ukraine.hia.hu\/wp-content\/uploads\/Lydia-and-niece-scaled.jpg\",\"keywords\":[\"cash assistance\"],\"articleSection\":[\"H\u00edrek\"],\"inLanguage\":\"hu\"},{\"@type\":\"WebPage\",\"@id\":\"https:\/\/ukraine.hia.hu\/hu\/a-viszontlatas-orome\/\",\"url\":\"https:\/\/ukraine.hia.hu\/hu\/a-viszontlatas-orome\/\",\"name\":\"A viszontl\u00e1t\u00e1s \u00f6r\u00f6me | Az \u00d6kumenikus Seg\u00e9lyszervezet Ukrajn\u00e1ban\",\"isPartOf\":{\"@id\":\"https:\/\/ukraine.hia.hu\/hu\/#website\"},\"primaryImageOfPage\":{\"@id\":\"https:\/\/ukraine.hia.hu\/hu\/a-viszontlatas-orome\/#primaryimage\"},\"image\":{\"@id\":\"https:\/\/ukraine.hia.hu\/hu\/a-viszontlatas-orome\/#primaryimage\"},\"thumbnailUrl\":\"https:\/\/ukraine.hia.hu\/wp-content\/uploads\/Lydia-and-niece-scaled.jpg\",\"datePublished\":\"2023-03-29T11:06:51+00:00\",\"dateModified\":\"2023-03-29T11:12:57+00:00\",\"breadcrumb\":{\"@id\":\"https:\/\/ukraine.hia.hu\/hu\/a-viszontlatas-orome\/#breadcrumb\"},\"inLanguage\":\"hu\",\"potentialAction\":[{\"@type\":\"ReadAction\",\"target\":[\"https:\/\/ukraine.hia.hu\/hu\/a-viszontlatas-orome\/\"]}]},{\"@type\":\"ImageObject\",\"inLanguage\":\"hu\",\"@id\":\"https:\/\/ukraine.hia.hu\/hu\/a-viszontlatas-orome\/#primaryimage\",\"url\":\"https:\/\/ukraine.hia.hu\/wp-content\/uploads\/Lydia-and-niece-scaled.jpg\",\"contentUrl\":\"https:\/\/ukraine.hia.hu\/wp-content\/uploads\/Lydia-and-niece-scaled.jpg\",\"width\":2560,\"height\":1440},{\"@type\":\"BreadcrumbList\",\"@id\":\"https:\/\/ukraine.hia.hu\/hu\/a-viszontlatas-orome\/#breadcrumb\",\"itemListElement\":[{\"@type\":\"ListItem\",\"position\":1,\"name\":\"Kezd\u0151lap\",\"item\":\"https:\/\/ukraine.hia.hu\/hu\/\"},{\"@type\":\"ListItem\",\"position\":2,\"name\":\"A viszontl\u00e1t\u00e1s \u00f6r\u00f6me\"}]},{\"@type\":\"WebSite\",\"@id\":\"https:\/\/ukraine.hia.hu\/hu\/#website\",\"url\":\"https:\/\/ukraine.hia.hu\/hu\/\",\"name\":\"Az \u00d6kumenikus Seg\u00e9lyszervezet Ukrajn\u00e1ban\",\"description\":\"Az \u00d6kumenikus Seg\u00e9lyszervezet Ukrajn\u00e1ban\",\"publisher\":{\"@id\":\"https:\/\/ukraine.hia.hu\/hu\/#organization\"},\"potentialAction\":[{\"@type\":\"SearchAction\",\"target\":{\"@type\":\"EntryPoint\",\"urlTemplate\":\"https:\/\/ukraine.hia.hu\/hu\/?s={search_term_string}\"},\"query-input\":\"required name=search_term_string\"}],\"inLanguage\":\"hu\"},{\"@type\":\"Organization\",\"@id\":\"https:\/\/ukraine.hia.hu\/hu\/#organization\",\"name\":\"HIA Hungary\",\"url\":\"https:\/\/ukraine.hia.hu\/hu\/\",\"logo\":{\"@type\":\"ImageObject\",\"inLanguage\":\"hu\",\"@id\":\"https:\/\/ukraine.hia.hu\/hu\/#\/schema\/logo\/image\/\",\"url\":\"https:\/\/ukraine.hia.hu\/wp-content\/uploads\/footer_logo.png\",\"contentUrl\":\"https:\/\/ukraine.hia.hu\/wp-content\/uploads\/footer_logo.png\",\"width\":350,\"height\":427,\"caption\":\"HIA Hungary\"},\"image\":{\"@id\":\"https:\/\/ukraine.hia.hu\/hu\/#\/schema\/logo\/image\/\"}},{\"@type\":\"Person\",\"@id\":\"https:\/\/ukraine.hia.hu\/hu\/#\/schema\/person\/5618a1171741e8bbb81c8a76bfcdbfea\",\"name\":\"HIA\",\"image\":{\"@type\":\"ImageObject\",\"inLanguage\":\"hu\",\"@id\":\"https:\/\/ukraine.hia.hu\/hu\/#\/schema\/person\/image\/\",\"url\":\"https:\/\/secure.gravatar.com\/avatar\/0eb37bd0c23121a70100851bb2e0123c?s=96&d=mm&r=g\",\"contentUrl\":\"https:\/\/secure.gravatar.com\/avatar\/0eb37bd0c23121a70100851bb2e0123c?s=96&d=mm&r=g\",\"caption\":\"HIA\"},\"sameAs\":[\"http:\/\/www.hia.hu\"]}]}<\/script>\n<!-- \/ Yoast SEO plugin. -->","yoast_head_json":{"title":"A viszontl\u00e1t\u00e1s \u00f6r\u00f6me | Az \u00d6kumenikus Seg\u00e9lyszervezet Ukrajn\u00e1ban","robots":{"index":"index","follow":"follow","max-snippet":"max-snippet:-1","max-image-preview":"max-image-preview:large","max-video-preview":"max-video-preview:-1"},"canonical":"https:\/\/ukraine.hia.hu\/hu\/a-viszontlatas-orome\/","og_locale":"hu_HU","og_type":"article","og_title":"A viszontl\u00e1t\u00e1s \u00f6r\u00f6me | Az \u00d6kumenikus Seg\u00e9lyszervezet Ukrajn\u00e1ban","og_description":"&#8222;\u00d3, Angyal, \u00f6lelj \u00e1t minket sz\u00e1rnyaiddal, Isten Anyja, \u00e1ldj meg mindenkit k\u00f6ny\u00f6r\u00fcleteddel, Csal\u00e1djainkban legyen szeretet \u00e9s megbecs\u00fcl\u00e9s, Bar\u00e1tainkra mindig el\u00e9g figyelmet ford\u00edtsunk. Adj nek\u00fcnk tart\u00f3s eg\u00e9szs\u00e9get \u00e9s el\u00e9gedetts\u00e9get, Adj nek\u00fcnk j\u00f3l\u00e9tet, b\u00e9k\u00e9t \u00e9s boldogs\u00e1got, Sz\u00edv\u00fcnkb\u0151l tegy\u00e9l lak\u00f3helyet a j\u00f3s\u00e1gnak.&#8221; Ezt a verset szavalta L\u00eddia a Rokytne-i k\u00f6z\u00f6ss\u00e9gi h\u00e1z zs\u00fafolt, hideg helyis\u00e9g\u00e9ben. Az \u00d6kumenikus Seg\u00e9lyszervezet munkat\u00e1rsai...","og_url":"https:\/\/ukraine.hia.hu\/hu\/a-viszontlatas-orome\/","og_site_name":"Az \u00d6kumenikus Seg\u00e9lyszervezet Ukrajn\u00e1ban","article_published_time":"2023-03-29T11:06:51+00:00","article_modified_time":"2023-03-29T11:12:57+00:00","og_image":[{"width":2560,"height":1440,"url":"https:\/\/ukraine.hia.hu\/wp-content\/uploads\/Lydia-and-niece-scaled.jpg","type":"image\/jpeg"}],"author":"HIA","twitter_card":"summary_large_image","twitter_misc":{"Szerz\u0151:":"HIA","Becs\u00fclt olvas\u00e1si id\u0151":"5 perc"},"schema":{"@context":"https:\/\/schema.org","@graph":[{"@type":"Article","@id":"https:\/\/ukraine.hia.hu\/hu\/a-viszontlatas-orome\/#article","isPartOf":{"@id":"https:\/\/ukraine.hia.hu\/hu\/a-viszontlatas-orome\/"},"author":{"name":"HIA","@id":"https:\/\/ukraine.hia.hu\/hu\/#\/schema\/person\/5618a1171741e8bbb81c8a76bfcdbfea"},"headline":"A viszontl\u00e1t\u00e1s \u00f6r\u00f6me","datePublished":"2023-03-29T11:06:51+00:00","dateModified":"2023-03-29T11:12:57+00:00","mainEntityOfPage":{"@id":"https:\/\/ukraine.hia.hu\/hu\/a-viszontlatas-orome\/"},"wordCount":1274,"publisher":{"@id":"https:\/\/ukraine.hia.hu\/hu\/#organization"},"image":{"@id":"https:\/\/ukraine.hia.hu\/hu\/a-viszontlatas-orome\/#primaryimage"},"thumbnailUrl":"https:\/\/ukraine.hia.hu\/wp-content\/uploads\/Lydia-and-niece-scaled.jpg","keywords":["cash assistance"],"articleSection":["H\u00edrek"],"inLanguage":"hu"},{"@type":"WebPage","@id":"https:\/\/ukraine.hia.hu\/hu\/a-viszontlatas-orome\/","url":"https:\/\/ukraine.hia.hu\/hu\/a-viszontlatas-orome\/","name":"A viszontl\u00e1t\u00e1s \u00f6r\u00f6me | Az \u00d6kumenikus Seg\u00e9lyszervezet Ukrajn\u00e1ban","isPartOf":{"@id":"https:\/\/ukraine.hia.hu\/hu\/#website"},"primaryImageOfPage":{"@id":"https:\/\/ukraine.hia.hu\/hu\/a-viszontlatas-orome\/#primaryimage"},"image":{"@id":"https:\/\/ukraine.hia.hu\/hu\/a-viszontlatas-orome\/#primaryimage"},"thumbnailUrl":"https:\/\/ukraine.hia.hu\/wp-content\/uploads\/Lydia-and-niece-scaled.jpg","datePublished":"2023-03-29T11:06:51+00:00","dateModified":"2023-03-29T11:12:57+00:00","breadcrumb":{"@id":"https:\/\/ukraine.hia.hu\/hu\/a-viszontlatas-orome\/#breadcrumb"},"inLanguage":"hu","potentialAction":[{"@type":"ReadAction","target":["https:\/\/ukraine.hia.hu\/hu\/a-viszontlatas-orome\/"]}]},{"@type":"ImageObject","inLanguage":"hu","@id":"https:\/\/ukraine.hia.hu\/hu\/a-viszontlatas-orome\/#primaryimage","url":"https:\/\/ukraine.hia.hu\/wp-content\/uploads\/Lydia-and-niece-scaled.jpg","contentUrl":"https:\/\/ukraine.hia.hu\/wp-content\/uploads\/Lydia-and-niece-scaled.jpg","width":2560,"height":1440},{"@type":"BreadcrumbList","@id":"https:\/\/ukraine.hia.hu\/hu\/a-viszontlatas-orome\/#breadcrumb","itemListElement":[{"@type":"ListItem","position":1,"name":"Kezd\u0151lap","item":"https:\/\/ukraine.hia.hu\/hu\/"},{"@type":"ListItem","position":2,"name":"A viszontl\u00e1t\u00e1s \u00f6r\u00f6me"}]},{"@type":"WebSite","@id":"https:\/\/ukraine.hia.hu\/hu\/#website","url":"https:\/\/ukraine.hia.hu\/hu\/","name":"Az \u00d6kumenikus Seg\u00e9lyszervezet Ukrajn\u00e1ban","description":"Az \u00d6kumenikus Seg\u00e9lyszervezet Ukrajn\u00e1ban","publisher":{"@id":"https:\/\/ukraine.hia.hu\/hu\/#organization"},"potentialAction":[{"@type":"SearchAction","target":{"@type":"EntryPoint","urlTemplate":"https:\/\/ukraine.hia.hu\/hu\/?s={search_term_string}"},"query-input":"required name=search_term_string"}],"inLanguage":"hu"},{"@type":"Organization","@id":"https:\/\/ukraine.hia.hu\/hu\/#organization","name":"HIA Hungary","url":"https:\/\/ukraine.hia.hu\/hu\/","logo":{"@type":"ImageObject","inLanguage":"hu","@id":"https:\/\/ukraine.hia.hu\/hu\/#\/schema\/logo\/image\/","url":"https:\/\/ukraine.hia.hu\/wp-content\/uploads\/footer_logo.png","contentUrl":"https:\/\/ukraine.hia.hu\/wp-content\/uploads\/footer_logo.png","width":350,"height":427,"caption":"HIA Hungary"},"image":{"@id":"https:\/\/ukraine.hia.hu\/hu\/#\/schema\/logo\/image\/"}},{"@type":"Person","@id":"https:\/\/ukraine.hia.hu\/hu\/#\/schema\/person\/5618a1171741e8bbb81c8a76bfcdbfea","name":"HIA","image":{"@type":"ImageObject","inLanguage":"hu","@id":"https:\/\/ukraine.hia.hu\/hu\/#\/schema\/person\/image\/","url":"https:\/\/secure.gravatar.com\/avatar\/0eb37bd0c23121a70100851bb2e0123c?s=96&d=mm&r=g","contentUrl":"https:\/\/secure.gravatar.com\/avatar\/0eb37bd0c23121a70100851bb2e0123c?s=96&d=mm&r=g","caption":"HIA"},"sameAs":["http:\/\/www.hia.hu"]}]}},"_links":{"self":[{"href":"https:\/\/ukraine.hia.hu\/hu\/wp-json\/wp\/v2\/posts\/6938"}],"collection":[{"href":"https:\/\/ukraine.hia.hu\/hu\/wp-json\/wp\/v2\/posts"}],"about":[{"href":"https:\/\/ukraine.hia.hu\/hu\/wp-json\/wp\/v2\/types\/post"}],"author":[{"embeddable":true,"href":"https:\/\/ukraine.hia.hu\/hu\/wp-json\/wp\/v2\/users\/1"}],"replies":[{"embeddable":true,"href":"https:\/\/ukraine.hia.hu\/hu\/wp-json\/wp\/v2\/comments?post=6938"}],"version-history":[{"count":4,"href":"https:\/\/ukraine.hia.hu\/hu\/wp-json\/wp\/v2\/posts\/6938\/revisions"}],"predecessor-version":[{"id":6946,"href":"https:\/\/ukraine.hia.hu\/hu\/wp-json\/wp\/v2\/posts\/6938\/revisions\/6946"}],"wp:featuredmedia":[{"embeddable":true,"href":"https:\/\/ukraine.hia.hu\/hu\/wp-json\/wp\/v2\/media\/6884"}],"wp:attachment":[{"href":"https:\/\/ukraine.hia.hu\/hu\/wp-json\/wp\/v2\/media?parent=6938"}],"wp:term":[{"taxonomy":"category","embeddable":true,"href":"https:\/\/ukraine.hia.hu\/hu\/wp-json\/wp\/v2\/categories?post=6938"},{"taxonomy":"post_tag","embeddable":true,"href":"https:\/\/ukraine.hia.hu\/hu\/wp-json\/wp\/v2\/tags?post=6938"}],"curies":[{"name":"wp","href":"https:\/\/api.w.org\/{rel}","templated":true}]}}