{"id":7467,"date":"2023-07-06T10:22:27","date_gmt":"2023-07-06T08:22:27","guid":{"rendered":"https:\/\/ukraine.hia.hu\/?p=7467"},"modified":"2023-07-06T10:33:15","modified_gmt":"2023-07-06T08:33:15","slug":"letbiztonsag-a-tartalekok-felelese-utan","status":"publish","type":"post","link":"https:\/\/ukraine.hia.hu\/hu\/letbiztonsag-a-tartalekok-felelese-utan\/","title":{"rendered":"L\u00e9tbiztons\u00e1g a tartal\u00e9kok fel\u00e9l\u00e9se ut\u00e1n"},"content":{"rendered":"\t\t<div data-elementor-type=\"wp-post\" data-elementor-id=\"7467\" class=\"elementor elementor-7467\">\n\t\t\t\t\t\t<section class=\"elementor-section elementor-top-section elementor-element elementor-element-3b92159 elementor-section-boxed elementor-section-height-default elementor-section-height-default\" data-id=\"3b92159\" data-element_type=\"section\">\n\t\t\t\t\t\t<div class=\"elementor-container elementor-column-gap-default\">\n\t\t\t\t\t<div class=\"elementor-column elementor-col-100 elementor-top-column elementor-element elementor-element-ca0a79f\" data-id=\"ca0a79f\" data-element_type=\"column\">\n\t\t\t<div class=\"elementor-widget-wrap elementor-element-populated\">\n\t\t\t\t\t\t<div class=\"elementor-element elementor-element-ee7ac80 elementor-widget elementor-widget-text-editor\" data-id=\"ee7ac80\" data-element_type=\"widget\" data-widget_type=\"text-editor.default\">\n\t\t\t\t<div class=\"elementor-widget-container\">\n\t\t\t<style>\/*! elementor - v3.20.0 - 13-03-2024 *\/\n.elementor-widget-text-editor.elementor-drop-cap-view-stacked .elementor-drop-cap{background-color:#69727d;color:#fff}.elementor-widget-text-editor.elementor-drop-cap-view-framed .elementor-drop-cap{color:#69727d;border:3px solid;background-color:transparent}.elementor-widget-text-editor:not(.elementor-drop-cap-view-default) .elementor-drop-cap{margin-top:8px}.elementor-widget-text-editor:not(.elementor-drop-cap-view-default) .elementor-drop-cap-letter{width:1em;height:1em}.elementor-widget-text-editor .elementor-drop-cap{float:left;text-align:center;line-height:1;font-size:50px}.elementor-widget-text-editor .elementor-drop-cap-letter{display:inline-block}<\/style>\t\t\t\t<p><strong>K\u00f6zel m\u00e1sf\u00e9l \u00e9ve zajlik a h\u00e1bor\u00fa Ukrajn\u00e1ban. Milli\u00f3k hagyt\u00e1k el az orsz\u00e1got \u2013 a menek\u00fclthull\u00e1m pedig Magyarorsz\u00e1got sem ker\u00fclte el, s\u0151t! Az elm\u00falt egy \u00e9v a haz\u00e1nkban \u00e9l\u0151 menek\u00fcltek t\u00edzezreit \u00e1ll\u00edtotta neh\u00e9z helyzetek sokas\u00e1ga el\u00e9, hiszen egy teljesen \u00faj k\u00f6rnyezetben kell helyt\u00e1llniuk \u00fagy, hogy a vil\u00e1gban sz\u00e9tsz\u00f3r\u00f3dott \u2013 vagy \u00e9ppen, hogy otthon maradt &#8211; szoci\u00e1lis h\u00e1l\u00f3jukra alig t\u00e1maszkodhatnak. A neh\u00e9zs\u00e9gekre v\u00e1laszul az \u00d6kumenikus Seg\u00e9lyszervezet \u00faj, rugalmas seg\u00edts\u00e9get biztos\u00edt\u00f3 m\u00f3dszert dolgozott ki, melyet \u00e1prilist\u00f3l vehetnek ig\u00e9nybe a tartal\u00e9kaikat lassan fel\u00e9l\u0151 ukrajnai menek\u00fcltek.<\/strong><\/p><p>\u00a0<\/p>\t\t\t\t\t\t<\/div>\n\t\t\t\t<\/div>\n\t\t\t\t\t<\/div>\n\t\t<\/div>\n\t\t\t\t\t<\/div>\n\t\t<\/section>\n\t\t\t\t<section class=\"elementor-section elementor-top-section elementor-element elementor-element-4a2d78e elementor-section-boxed elementor-section-height-default elementor-section-height-default\" data-id=\"4a2d78e\" data-element_type=\"section\">\n\t\t\t\t\t\t<div class=\"elementor-container elementor-column-gap-default\">\n\t\t\t\t\t<div class=\"elementor-column elementor-col-100 elementor-top-column elementor-element elementor-element-9e01f4a\" data-id=\"9e01f4a\" data-element_type=\"column\">\n\t\t\t<div class=\"elementor-widget-wrap elementor-element-populated\">\n\t\t\t\t\t\t<section class=\"elementor-section elementor-inner-section elementor-element elementor-element-a506fd6 elementor-section-boxed elementor-section-height-default elementor-section-height-default\" data-id=\"a506fd6\" data-element_type=\"section\">\n\t\t\t\t\t\t<div class=\"elementor-container elementor-column-gap-default\">\n\t\t\t\t\t<div class=\"elementor-column elementor-col-50 elementor-inner-column elementor-element elementor-element-6bf8976\" data-id=\"6bf8976\" data-element_type=\"column\">\n\t\t\t<div class=\"elementor-widget-wrap elementor-element-populated\">\n\t\t\t\t\t\t<div class=\"elementor-element elementor-element-d6ce707 elementor-widget elementor-widget-image\" data-id=\"d6ce707\" data-element_type=\"widget\" data-widget_type=\"image.default\">\n\t\t\t\t<div class=\"elementor-widget-container\">\n\t\t\t<style>\/*! elementor - v3.20.0 - 13-03-2024 *\/\n.elementor-widget-image{text-align:center}.elementor-widget-image a{display:inline-block}.elementor-widget-image a img[src$=\".svg\"]{width:48px}.elementor-widget-image img{vertical-align:middle;display:inline-block}<\/style>\t\t\t\t\t\t\t<figure class=\"wp-caption\">\n\t\t\t\t\t\t\t\t\t\t<img fetchpriority=\"high\" decoding=\"async\" width=\"1024\" height=\"877\" src=\"https:\/\/ukraine.hia.hu\/wp-content\/uploads\/Anna-1024x877.jpeg\" class=\"attachment-large size-large wp-image-7483\" alt=\"\" srcset=\"https:\/\/ukraine.hia.hu\/wp-content\/uploads\/Anna-1024x877.jpeg 1024w, https:\/\/ukraine.hia.hu\/wp-content\/uploads\/Anna-300x257.jpeg 300w, https:\/\/ukraine.hia.hu\/wp-content\/uploads\/Anna-768x658.jpeg 768w, https:\/\/ukraine.hia.hu\/wp-content\/uploads\/Anna-1536x1315.jpeg 1536w, https:\/\/ukraine.hia.hu\/wp-content\/uploads\/Anna.jpeg 1600w\" sizes=\"(max-width: 1024px) 100vw, 1024px\" \/>\t\t\t\t\t\t\t\t\t\t\t<figcaption class=\"widget-image-caption wp-caption-text\">Anna, k\u00e9t fi\u00e1val. Sz\u00e1mukra a l\u00e9tbiztons\u00e1got jelenti a humanit\u00e1rius utalv\u00e1nyrendszer<\/figcaption>\n\t\t\t\t\t\t\t\t\t\t<\/figure>\n\t\t\t\t\t\t\t<\/div>\n\t\t\t\t<\/div>\n\t\t\t\t\t<\/div>\n\t\t<\/div>\n\t\t\t\t<div class=\"elementor-column elementor-col-50 elementor-inner-column elementor-element elementor-element-af8b554\" data-id=\"af8b554\" data-element_type=\"column\">\n\t\t\t<div class=\"elementor-widget-wrap elementor-element-populated\">\n\t\t\t\t\t\t<div class=\"elementor-element elementor-element-435cf84 elementor-widget elementor-widget-text-editor\" data-id=\"435cf84\" data-element_type=\"widget\" data-widget_type=\"text-editor.default\">\n\t\t\t\t<div class=\"elementor-widget-container\">\n\t\t\t\t\t\t\t<p><b>Anna <\/b>egy k\u00f6z\u00fcl\u00fck. Tavaly m\u00e1rcius 14-\u00e9n k\u00e9t kiskor\u00fa gyermek\u00e9vel a frontvonal k\u00f6zel\u00e9ben fekv\u0151 Donyeck megyei Oleksandrivka telep\u00fcl\u00e9sr\u0151l menek\u00fclt Magyarorsz\u00e1gra a h\u00e1bor\u00fa el\u0151l, ahol az \u00d6kumenikus Seg\u00e9lyszervezet miskolci int\u00e9zm\u00e9nye fogadta be \u0151ket. Anna gyermekei, <b>Roman<\/b> \u00e9s <b>Maxim <\/b>jelenleg magyar iskol\u00e1ba j\u00e1rnak, \u00e9s p\u00e1rhuzamosan az ukr\u00e1n online oktat\u00e1sban is r\u00e9szt vesznek. A csal\u00e1danya r\u00f6videsen munk\u00e1ba \u00e1llt, amellyel az anyagi helyzet\u00fck rendez\u0151dni l\u00e1tszott. Azonban az infl\u00e1ci\u00f3 miatt Anna j\u00f6vedelme egyed\u00fcl nem elegend\u0151 ahhoz, hogy eltartsa a h\u00e1romf\u0151s csal\u00e1dot.<\/p><p class=\"MsoNormal\"><span lang=\"HU\">A Seg\u00e9lyszervezet a t\u00f6bbc\u00e9l\u00fa k\u00e9szp\u00e9nzes t\u00e1mogat\u00e1s (MPCA) m\u00f3dszertana alapj\u00e1n Ukrajn\u00e1ban m\u00e1r hosszabb ideje seg\u00edti a h\u00e1bor\u00fa k\u00f6vetkezt\u00e9ben n\u00e9lk\u00fcl\u00f6z\u0151ket. A Magyarorsz\u00e1gra menek\u00fcl\u0151k tavaly m\u00e1r egyszeri, lakhat\u00e1si probl\u00e9m\u00e1k (kauci\u00f3, lakb\u00e9r, rezsi kifizet\u00e9s) \u00e9s eg\u00e9szs\u00e9g\u00fcgyi probl\u00e9m\u00e1k (kivizsg\u00e1l\u00e1s, gy\u00f3gyszerek beszerz\u00e9se, egy\u00e9ni \u00e9trend biztos\u00edt\u00e1sa) megold\u00e1s\u00e1ra, valamint oktat\u00e1si c\u00e9lra felhaszn\u00e1lhat\u00f3 t\u00e1mogat\u00e1st kaphattak, az elh\u00faz\u00f3d\u00f3 h\u00e1bor\u00fara \u00e9s a meg\u00e9lhet\u00e9si neh\u00e9zs\u00e9gekre reag\u00e1lva azonban olyan k\u00e9szp\u00e9nzes t\u00e1mogat\u00e1si forma bevezet\u00e9s\u00e9t hat\u00e1rozta el a Seg\u00e9lyszervezet, mely hosszabb t\u00e1von is seg\u00edts\u00e9get ny\u00fajt az itthon mened\u00e9ket tal\u00e1l\u00f3knak.<\/span><\/p>\t\t\t\t\t\t<\/div>\n\t\t\t\t<\/div>\n\t\t\t\t\t<\/div>\n\t\t<\/div>\n\t\t\t\t\t<\/div>\n\t\t<\/section>\n\t\t\t\t\t<\/div>\n\t\t<\/div>\n\t\t\t\t\t<\/div>\n\t\t<\/section>\n\t\t\t\t<section class=\"elementor-section elementor-top-section elementor-element elementor-element-54da160 elementor-section-boxed elementor-section-height-default elementor-section-height-default\" data-id=\"54da160\" data-element_type=\"section\">\n\t\t\t\t\t\t<div class=\"elementor-container elementor-column-gap-default\">\n\t\t\t\t\t<div class=\"elementor-column elementor-col-100 elementor-top-column elementor-element elementor-element-9074381\" data-id=\"9074381\" data-element_type=\"column\">\n\t\t\t<div class=\"elementor-widget-wrap elementor-element-populated\">\n\t\t\t\t\t\t<div class=\"elementor-element elementor-element-863a4ac elementor-widget elementor-widget-text-editor\" data-id=\"863a4ac\" data-element_type=\"widget\" data-widget_type=\"text-editor.default\">\n\t\t\t\t<div class=\"elementor-widget-container\">\n\t\t\t\t\t\t\t<h2><span lang=\"HU\">H\u00e1romfajta seg\u00edts\u00e9g, egy rendszer<\/span><\/h2><div><p>Az id\u00e9n bevezetett \u00faj rendszer \u00e9ppen ez\u00e9rt lehet\u0151s\u00e9get ad a menek\u00fcltek rendszeres, maximum 6 havi seg\u00edt\u00e9s\u00e9re \u00e9lethelyzet\u00fck jav\u00edt\u00e1sa \u00e9s meg\u00e9lhet\u00e9si neh\u00e9zs\u00e9geik cs\u00f6kkent\u00e9se \u00e9rdek\u00e9ben. Tov\u00e1bbi k\u00fcl\u00f6nbs\u00e9g, hogy ez\u00fattal nem k\u00e9szp\u00e9nzben r\u00e9szes\u00fclnek a t\u00e1mogatottak, hanem utalv\u00e1nyok form\u00e1j\u00e1ban \u00e9rkezik a seg\u00edts\u00e9g. \u201eNem is egy seg\u00edts\u00e9g-m\u00f3dozatr\u00f3l lehet itt besz\u00e9lni, hanem ink\u00e1bb h\u00e1romr\u00f3l, melyek egy rendszert k\u00e9peznek\u201d \u2013 ezt m\u00e1r <b>Papp \u00c1gnes<\/b>, a program szakmai koordin\u00e1tora mondja, magyar\u00e1zva a rendszer alapjait.<\/p><p>De hogyan n\u00e9z ez ki a val\u00f3s\u00e1gban? \u201eA t\u00e1mogat\u00e1st mindig megel\u0151zi az ig\u00e9nyek \u00e9s sz\u00fcks\u00e9gletek felm\u00e9r\u00e9se, ami alapj\u00e1n a szoci\u00e1lis munk\u00e1sok meghat\u00e1rozz\u00e1k annak mennyis\u00e9g\u00e9t \u00e9s form\u00e1j\u00e1t. Fizikailag ez lehet egy humanit\u00e1rius k\u00e1rtya, net\u00e1n aj\u00e1nd\u00e9kutalv\u00e1ny, vagy hideg- \u00e9s meleg\u00e9telutalv\u00e1ny is. Att\u00f3l f\u00fcgg\u0151en, hogy rendszeres, egyszeri, vagy kr\u00edzist\u00e1mogat\u00e1sra van az aktu\u00e1lis esetben sz\u00fcks\u00e9g, a szoci\u00e1lis munkat\u00e1rsaink kombin\u00e1lhatj\u00e1k is az eml\u00edtett form\u00e1kat annak \u00e9rdek\u00e9ben, hogy az adott r\u00e1szorul\u00f3nak t\u00e9nyleges seg\u00edts\u00e9get biztos\u00edthassunk.\u201d<\/p><\/div>\t\t\t\t\t\t<\/div>\n\t\t\t\t<\/div>\n\t\t\t\t\t<\/div>\n\t\t<\/div>\n\t\t\t\t\t<\/div>\n\t\t<\/section>\n\t\t\t\t<section class=\"elementor-section elementor-top-section elementor-element elementor-element-f6a9933 elementor-section-boxed elementor-section-height-default elementor-section-height-default\" data-id=\"f6a9933\" data-element_type=\"section\">\n\t\t\t\t\t\t<div class=\"elementor-container elementor-column-gap-default\">\n\t\t\t\t\t<div class=\"elementor-column elementor-col-100 elementor-top-column elementor-element elementor-element-5742869\" data-id=\"5742869\" data-element_type=\"column\">\n\t\t\t<div class=\"elementor-widget-wrap elementor-element-populated\">\n\t\t\t\t\t\t<div class=\"elementor-element elementor-element-c40a338 elementor-widget elementor-widget-image\" data-id=\"c40a338\" data-element_type=\"widget\" data-widget_type=\"image.default\">\n\t\t\t\t<div class=\"elementor-widget-container\">\n\t\t\t\t\t\t\t\t\t\t\t\t\t<img decoding=\"async\" width=\"1024\" height=\"683\" src=\"https:\/\/ukraine.hia.hu\/wp-content\/uploads\/IMG_7654-1024x683.jpg\" class=\"attachment-large size-large wp-image-7477\" alt=\"\" srcset=\"https:\/\/ukraine.hia.hu\/wp-content\/uploads\/IMG_7654-1024x683.jpg 1024w, https:\/\/ukraine.hia.hu\/wp-content\/uploads\/IMG_7654-300x200.jpg 300w, https:\/\/ukraine.hia.hu\/wp-content\/uploads\/IMG_7654-768x512.jpg 768w, https:\/\/ukraine.hia.hu\/wp-content\/uploads\/IMG_7654-1536x1024.jpg 1536w, https:\/\/ukraine.hia.hu\/wp-content\/uploads\/IMG_7654-2048x1365.jpg 2048w\" sizes=\"(max-width: 1024px) 100vw, 1024px\" \/>\t\t\t\t\t\t\t\t\t\t\t\t\t<\/div>\n\t\t\t\t<\/div>\n\t\t\t\t\t<\/div>\n\t\t<\/div>\n\t\t\t\t\t<\/div>\n\t\t<\/section>\n\t\t\t\t<section class=\"elementor-section elementor-top-section elementor-element elementor-element-518608d elementor-section-boxed elementor-section-height-default elementor-section-height-default\" data-id=\"518608d\" data-element_type=\"section\">\n\t\t\t\t\t\t<div class=\"elementor-container elementor-column-gap-default\">\n\t\t\t\t\t<div class=\"elementor-column elementor-col-100 elementor-top-column elementor-element elementor-element-efbd690\" data-id=\"efbd690\" data-element_type=\"column\">\n\t\t\t<div class=\"elementor-widget-wrap elementor-element-populated\">\n\t\t\t\t\t\t<div class=\"elementor-element elementor-element-e7c2e5e elementor-widget elementor-widget-text-editor\" data-id=\"e7c2e5e\" data-element_type=\"widget\" data-widget_type=\"text-editor.default\">\n\t\t\t\t<div class=\"elementor-widget-container\">\n\t\t\t\t\t\t\t<p>A humanit\u00e1rius k\u00e1rtya rendszeres t\u00e1mogat\u00e1st tesz lehet\u0151v\u00e9: minden h\u00f3napban 45 ezer forintra t\u00f6lti fel a Seg\u00e9lyszervezet, mely keret \u00e1ltal\u00e1nosan felhaszn\u00e1lhat\u00f3 \u00e9s online sz\u00e1mlafizet\u00e9sre is alkalmas. Az aj\u00e1nd\u00e9kutalv\u00e1ny szint\u00e9n \u00e1ltal\u00e1nosan felhaszn\u00e1lhat\u00f3, lehet vele gy\u00f3gyszert\u00e1rakban, h\u00e1ztart\u00e1si- \u00e9s elektronikai eszk\u00f6z\u00f6ket \u00e1rus\u00edt\u00f3 \u00fczletekben is v\u00e1s\u00e1rolni, ezzel megold\u00e1st jelent az olyan menek\u00fcltell\u00e1t\u00e1sban tapasztalt hi\u00e1nyoss\u00e1gok kezel\u00e9s\u00e9re, mint a gy\u00f3gyszerek \u00e9s gy\u00f3gy\u00e1szati seg\u00e9deszk\u00f6z\u00f6k beszerz\u00e9s\u00e9ben \u00e9s a gyerekek \u00e1ltal kin\u0151tt ruh\u00e1k p\u00f3tl\u00e1s\u00e1ra. A harmadik t\u00edpus a hideg-meleg\u00e9tel utalv\u00e1ny, ami m\u00e1r csak \u00e9tkez\u00e9sre biztos\u00edt lehet\u0151s\u00e9get. Az \u00f6sszes\u00edtett t\u00e1mogat\u00e1s m\u00e9rt\u00e9ke egy menek\u00fcltre n\u00e9zve nem haladhatja meg a havi 90 ezer forintot.<\/p>\n<p>Az utalv\u00e1nyprogramba az a Magyarorsz\u00e1gon tart\u00f3zkod\u00f3, mened\u00e9kes st\u00e1tusszal rendelkez\u0151 ukr\u00e1n \u00e1llampolg\u00e1r jogosult beker\u00fclni a t\u00e1mogat\u00e1si t\u00edpusok egyedi jogosults\u00e1gainak figyelembev\u00e9tele mellett, aki az orosz-ukr\u00e1n h\u00e1bor\u00fa tavaly febru\u00e1ri kit\u00f6r\u00e9s\u00e9t k\u00f6vet\u0151en hagyta el haz\u00e1j\u00e1t. Az orsz\u00e1gos szint\u0171 programot a legnagyobb sz\u00e1mban Budapesten veszik ig\u00e9nybe a menek\u00fcltek, de a Seg\u00e9lyszervezet az orsz\u00e1g keleti \u00e9s nyugati r\u00e9gi\u00f3iban is biztos\u00edtja a hozz\u00e1f\u00e9r\u00e9st a r\u00e1szorul\u00f3knak.<\/p>\n<p>Fontos ugyanis lesz\u00f6gezni, hogy a juttat\u00e1s nem alanyi jogon j\u00e1r, hanem r\u00e1szorults\u00e1gi alapon. A kedvezm\u00e9nyezettek vagy egy\u00e1ltal\u00e1n nem, vagy csak nagyon alacsony havi j\u00f6vedelemmel rendelkeznek. A rendszeres juttat\u00e1sokra val\u00f3 jogosults\u00e1got \u00e9ppen ez\u00e9rt havonta fel\u00fclvizsg\u00e1lj\u00e1k. A menek\u00fcltek nagy r\u00e9sz\u00e9vel m\u00e1r majdnem egy \u00e9ve foglalkozik az ell\u00e1t\u00f3rendszer, \u00edgy m\u00e1r kialakult az a fajta bizalom, ami a seg\u00edts\u00e9gny\u00fajt\u00e1s alapja.<\/p>\n<h2><span lang=\"HU\">Ahol a cip\u0151 szor\u00edt<\/span><\/h2>\n<div>\n<p>A Seg\u00e9lyszervezet Budapest sz\u00edv\u00e9ben m\u00e1r egy \u00e9ve m\u0171k\u00f6dteti hazai menek\u00fcltell\u00e1t\u00e1s\u00e1nak egyik k\u00f6zpontj\u00e1t, az Ukrajnai Menek\u00fclteket T\u00e1mogat\u00f3 K\u00f6zpontot (UMTK). A voucher-koncepci\u00f3 az \u0151 munk\u00e1jukat is nagyban k\u00f6nny\u00edti, hiszen 746 csal\u00e1d havi szint\u0171 seg\u00edt\u00e9se nem kis feladat: hetente t\u00f6bbsz\u00e1z kil\u00f3 \u00e9lelmiszer \u00e9s higi\u00e9niai term\u00e9k beszerz\u00e9se, sz\u00e1ll\u00edt\u00e1sa, egys\u00e9gcsomagos\u00edt\u00e1sa \u00e9s kioszt\u00e1sa nagy terhet r\u00f3 a seg\u00e9lyez\u00e9s lebonyol\u00edt\u00f3ira. Az is teljesen vil\u00e1gos, hogy nem mindenkinek van sz\u00fcks\u00e9ge ugyanannyi \u00e9s ugyanolyan seg\u00edts\u00e9gre, ebb\u0151l a szempontb\u00f3l is el\u0151rel\u00e9p\u00e9s az utalv\u00e1nyrendszer, hiszen a kedvezm\u00e9nyezetteken pont ott seg\u00edt, ahol szor\u00edt a cip\u0151.<\/p>\n<p><b>Ulicska Ot\u00edlia<\/b>, az UMTK seg\u00e9lykoordin\u00e1tora az \u00faj folyamat egyszer\u0171s\u00e9ge mellett annak rugalmass\u00e1g\u00e1t emeli ki. \u201eNagyon \u00f6r\u00fcl\u00f6k ennek a lehet\u0151s\u00e9gnek, mert az egys\u00e9gcsomagok helyett a csal\u00e1dok l\u00e9tsz\u00e1m\u00e1hoz, speci\u00e1lis ig\u00e9nyeihez alkalmazkodva tudunk seg\u00edteni. \u00dcgyfeleink szabadon szerezhetik be azokat a dolgokat, amikre sz\u00fcks\u00e9g\u00fck van \u2013 olyan term\u00e9keket is, amiket kor\u00e1bban nem tudtunk nekik biztos\u00edtani, p\u00e9ld\u00e1ul tej- \u00e9s h\u00fasterm\u00e9keket, friss z\u00f6lds\u00e9get \u00e9s gy\u00fcm\u00f6lcs\u00f6t.\u201d<\/p>\n<p><\/p>\n<\/div>\t\t\t\t\t\t<\/div>\n\t\t\t\t<\/div>\n\t\t\t\t<div class=\"elementor-element elementor-element-7be9dff elementor-widget elementor-widget-image\" data-id=\"7be9dff\" data-element_type=\"widget\" data-widget_type=\"image.default\">\n\t\t\t\t<div class=\"elementor-widget-container\">\n\t\t\t\t\t\t\t\t\t\t\t\t\t<img decoding=\"async\" width=\"1024\" height=\"683\" src=\"https:\/\/ukraine.hia.hu\/wp-content\/uploads\/IMG_7635-1024x683.jpg\" class=\"attachment-large size-large wp-image-7468\" alt=\"\" srcset=\"https:\/\/ukraine.hia.hu\/wp-content\/uploads\/IMG_7635-1024x683.jpg 1024w, https:\/\/ukraine.hia.hu\/wp-content\/uploads\/IMG_7635-300x200.jpg 300w, https:\/\/ukraine.hia.hu\/wp-content\/uploads\/IMG_7635-768x512.jpg 768w, https:\/\/ukraine.hia.hu\/wp-content\/uploads\/IMG_7635-1536x1024.jpg 1536w, https:\/\/ukraine.hia.hu\/wp-content\/uploads\/IMG_7635-2048x1365.jpg 2048w\" sizes=\"(max-width: 1024px) 100vw, 1024px\" \/>\t\t\t\t\t\t\t\t\t\t\t\t\t<\/div>\n\t\t\t\t<\/div>\n\t\t\t\t\t<\/div>\n\t\t<\/div>\n\t\t\t\t\t<\/div>\n\t\t<\/section>\n\t\t\t\t<section class=\"elementor-section elementor-top-section elementor-element elementor-element-0e429f2 elementor-section-boxed elementor-section-height-default elementor-section-height-default\" data-id=\"0e429f2\" data-element_type=\"section\">\n\t\t\t\t\t\t<div class=\"elementor-container elementor-column-gap-default\">\n\t\t\t\t\t<div class=\"elementor-column elementor-col-100 elementor-top-column elementor-element elementor-element-84bd4bc\" data-id=\"84bd4bc\" data-element_type=\"column\">\n\t\t\t<div class=\"elementor-widget-wrap elementor-element-populated\">\n\t\t\t\t\t\t<div class=\"elementor-element elementor-element-6e76fb1 elementor-widget elementor-widget-text-editor\" data-id=\"6e76fb1\" data-element_type=\"widget\" data-widget_type=\"text-editor.default\">\n\t\t\t\t<div class=\"elementor-widget-container\">\n\t\t\t\t\t\t\t<p>Anna nagyon \u00f6r\u00fcl a lehet\u0151s\u00e9gnek, hiszen h\u00e1romtag\u00fa csal\u00e1dj\u00e1nak ell\u00e1t\u00e1sa a jelenlegi k\u00f6r\u00fclm\u00e9nyek k\u00f6z\u00f6tt nem k\u00f6nny\u0171. \u201eAz utalv\u00e1nyok abban seg\u00edtenek, hogy az alapvet\u0151 sz\u00fcks\u00e9gleteinket minden k\u00f6r\u00fclm\u00e9nyek k\u00f6z\u00f6tt fedezni tudjuk. Ez\u00e9rt nagyon h\u00e1l\u00e1sak vagyunk a seg\u00edts\u00e9g\u00e9rt, hiszen eddig nagy neh\u00e9zs\u00e9gek \u00e1r\u00e1n tudtunk csak felsz\u00ednen maradni. B\u00edzunk abban, hogy az utalv\u00e1nyok \u00e1ltal teremtett l\u00e9tbiztons\u00e1gra \u00e9p\u00edtve \u00e1tv\u00e9szelj\u00fck ezt a neh\u00e9z id\u0151szakot, \u00e9s kitart\u00e1ssal jobb \u00e9letet teremthet\u00fcnk magunknak.\u201d<\/p><p>Az \u00d6kumenikus Seg\u00e9lyszervezet \u00e1ltal ell\u00e1tott ukrajnai menek\u00fcltek k\u00f6r\u00e9ben Ann\u00e1\u00e9k t\u00f6rt\u00e9nete kifejezetten jellemz\u0151nek mondhat\u00f3. M\u00edg a katonakor\u00fa f\u00e9rfilakoss\u00e1g Ukrajn\u00e1ban maradt, h\u00e1zast\u00e1rsaik \u00e9s gyerekeik sokszor Eur\u00f3pa-szerte \u00e9lnek minim\u00e1lis j\u00f6vedelemb\u0151l. Az \u0151 t\u00e1mogat\u00e1sukra ind\u00edtott nemzetk\u00f6zi k\u00e9szp\u00e9nzes seg\u00edts\u00e9gny\u00fajt\u00e1s m\u00f3dszertan\u00e1n nyugv\u00f3 programot a Seg\u00e9lyszervezet az egyh\u00e1zi h\u00e1tter\u0171 seg\u00e9lyszervezeteket t\u00f6m\u00f6r\u00edt\u0151 ACT Alliance t\u00e1mogat\u00e1s\u00e1b\u00f3l val\u00f3s\u00edtja meg. Ennek keret\u00e9ben a m\u00falt h\u00f3napban 255 haz\u00e1nkban \u00e9l\u0151 ukrajnai menek\u00fclt kapott humanit\u00e1rius k\u00e1rty\u00e1t, m\u00e1rcius \u00f3ta pedig \u00f6sszesen 2000-n\u00e9l is t\u00f6bb alkalommal seg\u00edtette az \u00d6kumenikus Seg\u00e9lyszervezet a Magyarorsz\u00e1gra menek\u00fcl\u0151ket.<\/p>\t\t\t\t\t\t<\/div>\n\t\t\t\t<\/div>\n\t\t\t\t\t<\/div>\n\t\t<\/div>\n\t\t\t\t\t<\/div>\n\t\t<\/section>\n\t\t\t\t<\/div>\n\t\t","protected":false},"excerpt":{"rendered":"<p>K\u00f6zel m\u00e1sf\u00e9l \u00e9ve zajlik a h\u00e1bor\u00fa Ukrajn\u00e1ban. Milli\u00f3k hagyt\u00e1k el az orsz\u00e1got \u2013 a menek\u00fclthull\u00e1m pedig Magyarorsz\u00e1got sem ker\u00fclte el, s\u0151t! Az elm\u00falt egy \u00e9v a haz\u00e1nkban \u00e9l\u0151 menek\u00fcltek t\u00edzezreit \u00e1ll\u00edtotta neh\u00e9z helyzetek sokas\u00e1ga el\u00e9, hiszen egy teljesen \u00faj k\u00f6rnyezetben kell helyt\u00e1llniuk \u00fagy, hogy a vil\u00e1gban sz\u00e9tsz\u00f3r\u00f3dott \u2013 vagy \u00e9ppen, hogy otthon maradt &#8211; szoci\u00e1lis&#8230;<\/p>\n","protected":false},"author":1,"featured_media":7474,"comment_status":"closed","ping_status":"closed","sticky":false,"template":"","format":"standard","meta":{"_acf_changed":false,"_kad_post_transparent":"default","_kad_post_title":"default","_kad_post_layout":"default","_kad_post_sidebar_id":"","_kad_post_content_style":"default","_kad_post_vertical_padding":"default","_kad_post_feature":"","_kad_post_feature_position":"","_kad_post_header":false,"_kad_post_footer":false,"footnotes":"","_wp_rev_ctl_limit":""},"categories":[5],"tags":[163,162,161,63,160,159,158],"acf":[],"yoast_head":"<!-- This site is optimized with the Yoast SEO plugin v22.2 - https:\/\/yoast.com\/wordpress\/plugins\/seo\/ -->\n<title>L\u00e9tbiztons\u00e1g a tartal\u00e9kok fel\u00e9l\u00e9se ut\u00e1n | Az \u00d6kumenikus Seg\u00e9lyszervezet Ukrajn\u00e1ban<\/title>\n<meta name=\"robots\" content=\"index, follow, max-snippet:-1, max-image-preview:large, max-video-preview:-1\" \/>\n<link rel=\"canonical\" href=\"https:\/\/ukraine.hia.hu\/hu\/letbiztonsag-a-tartalekok-felelese-utan\/\" \/>\n<meta property=\"og:locale\" content=\"hu_HU\" \/>\n<meta property=\"og:type\" content=\"article\" \/>\n<meta property=\"og:title\" content=\"L\u00e9tbiztons\u00e1g a tartal\u00e9kok fel\u00e9l\u00e9se ut\u00e1n | Az \u00d6kumenikus Seg\u00e9lyszervezet Ukrajn\u00e1ban\" \/>\n<meta property=\"og:description\" content=\"K\u00f6zel m\u00e1sf\u00e9l \u00e9ve zajlik a h\u00e1bor\u00fa Ukrajn\u00e1ban. Milli\u00f3k hagyt\u00e1k el az orsz\u00e1got \u2013 a menek\u00fclthull\u00e1m pedig Magyarorsz\u00e1got sem ker\u00fclte el, s\u0151t! Az elm\u00falt egy \u00e9v a haz\u00e1nkban \u00e9l\u0151 menek\u00fcltek t\u00edzezreit \u00e1ll\u00edtotta neh\u00e9z helyzetek sokas\u00e1ga el\u00e9, hiszen egy teljesen \u00faj k\u00f6rnyezetben kell helyt\u00e1llniuk \u00fagy, hogy a vil\u00e1gban sz\u00e9tsz\u00f3r\u00f3dott \u2013 vagy \u00e9ppen, hogy otthon maradt &#8211; szoci\u00e1lis...\" \/>\n<meta property=\"og:url\" content=\"https:\/\/ukraine.hia.hu\/hu\/letbiztonsag-a-tartalekok-felelese-utan\/\" \/>\n<meta property=\"og:site_name\" content=\"Az \u00d6kumenikus Seg\u00e9lyszervezet Ukrajn\u00e1ban\" \/>\n<meta property=\"article:published_time\" content=\"2023-07-06T08:22:27+00:00\" \/>\n<meta property=\"article:modified_time\" content=\"2023-07-06T08:33:15+00:00\" \/>\n<meta property=\"og:image\" content=\"https:\/\/ukraine.hia.hu\/wp-content\/uploads\/IMG_7644-scaled.jpg\" \/>\n\t<meta property=\"og:image:width\" content=\"2560\" \/>\n\t<meta property=\"og:image:height\" content=\"1707\" \/>\n\t<meta property=\"og:image:type\" content=\"image\/jpeg\" \/>\n<meta name=\"author\" content=\"HIA\" \/>\n<meta name=\"twitter:card\" content=\"summary_large_image\" \/>\n<meta name=\"twitter:label1\" content=\"Szerz\u0151:\" \/>\n\t<meta name=\"twitter:data1\" content=\"HIA\" \/>\n\t<meta name=\"twitter:label2\" content=\"Becs\u00fclt olvas\u00e1si id\u0151\" \/>\n\t<meta name=\"twitter:data2\" content=\"6 perc\" \/>\n<script type=\"application\/ld+json\" class=\"yoast-schema-graph\">{\"@context\":\"https:\/\/schema.org\",\"@graph\":[{\"@type\":\"Article\",\"@id\":\"https:\/\/ukraine.hia.hu\/hu\/letbiztonsag-a-tartalekok-felelese-utan\/#article\",\"isPartOf\":{\"@id\":\"https:\/\/ukraine.hia.hu\/hu\/letbiztonsag-a-tartalekok-felelese-utan\/\"},\"author\":{\"name\":\"HIA\",\"@id\":\"https:\/\/ukraine.hia.hu\/hu\/#\/schema\/person\/5618a1171741e8bbb81c8a76bfcdbfea\"},\"headline\":\"L\u00e9tbiztons\u00e1g a tartal\u00e9kok fel\u00e9l\u00e9se ut\u00e1n\",\"datePublished\":\"2023-07-06T08:22:27+00:00\",\"dateModified\":\"2023-07-06T08:33:15+00:00\",\"mainEntityOfPage\":{\"@id\":\"https:\/\/ukraine.hia.hu\/hu\/letbiztonsag-a-tartalekok-felelese-utan\/\"},\"wordCount\":1441,\"publisher\":{\"@id\":\"https:\/\/ukraine.hia.hu\/hu\/#organization\"},\"image\":{\"@id\":\"https:\/\/ukraine.hia.hu\/hu\/letbiztonsag-a-tartalekok-felelese-utan\/#primaryimage\"},\"thumbnailUrl\":\"https:\/\/ukraine.hia.hu\/wp-content\/uploads\/IMG_7644-scaled.jpg\",\"keywords\":[\"cash assistance\",\"k\u00e9szp\u00e9nzes t\u00e1mogat\u00e1s\",\"meg\u00e9lhet\u00e9s\",\"menek\u00fcltek\",\"menek\u00fcltell\u00e1t\u00e1s\",\"UMTK\",\"voucher\"],\"articleSection\":[\"H\u00edrek\"],\"inLanguage\":\"hu\"},{\"@type\":\"WebPage\",\"@id\":\"https:\/\/ukraine.hia.hu\/hu\/letbiztonsag-a-tartalekok-felelese-utan\/\",\"url\":\"https:\/\/ukraine.hia.hu\/hu\/letbiztonsag-a-tartalekok-felelese-utan\/\",\"name\":\"L\u00e9tbiztons\u00e1g a tartal\u00e9kok fel\u00e9l\u00e9se ut\u00e1n | Az \u00d6kumenikus Seg\u00e9lyszervezet Ukrajn\u00e1ban\",\"isPartOf\":{\"@id\":\"https:\/\/ukraine.hia.hu\/hu\/#website\"},\"primaryImageOfPage\":{\"@id\":\"https:\/\/ukraine.hia.hu\/hu\/letbiztonsag-a-tartalekok-felelese-utan\/#primaryimage\"},\"image\":{\"@id\":\"https:\/\/ukraine.hia.hu\/hu\/letbiztonsag-a-tartalekok-felelese-utan\/#primaryimage\"},\"thumbnailUrl\":\"https:\/\/ukraine.hia.hu\/wp-content\/uploads\/IMG_7644-scaled.jpg\",\"datePublished\":\"2023-07-06T08:22:27+00:00\",\"dateModified\":\"2023-07-06T08:33:15+00:00\",\"breadcrumb\":{\"@id\":\"https:\/\/ukraine.hia.hu\/hu\/letbiztonsag-a-tartalekok-felelese-utan\/#breadcrumb\"},\"inLanguage\":\"hu\",\"potentialAction\":[{\"@type\":\"ReadAction\",\"target\":[\"https:\/\/ukraine.hia.hu\/hu\/letbiztonsag-a-tartalekok-felelese-utan\/\"]}]},{\"@type\":\"ImageObject\",\"inLanguage\":\"hu\",\"@id\":\"https:\/\/ukraine.hia.hu\/hu\/letbiztonsag-a-tartalekok-felelese-utan\/#primaryimage\",\"url\":\"https:\/\/ukraine.hia.hu\/wp-content\/uploads\/IMG_7644-scaled.jpg\",\"contentUrl\":\"https:\/\/ukraine.hia.hu\/wp-content\/uploads\/IMG_7644-scaled.jpg\",\"width\":2560,\"height\":1707},{\"@type\":\"BreadcrumbList\",\"@id\":\"https:\/\/ukraine.hia.hu\/hu\/letbiztonsag-a-tartalekok-felelese-utan\/#breadcrumb\",\"itemListElement\":[{\"@type\":\"ListItem\",\"position\":1,\"name\":\"Kezd\u0151lap\",\"item\":\"https:\/\/ukraine.hia.hu\/hu\/\"},{\"@type\":\"ListItem\",\"position\":2,\"name\":\"L\u00e9tbiztons\u00e1g a tartal\u00e9kok fel\u00e9l\u00e9se ut\u00e1n\"}]},{\"@type\":\"WebSite\",\"@id\":\"https:\/\/ukraine.hia.hu\/hu\/#website\",\"url\":\"https:\/\/ukraine.hia.hu\/hu\/\",\"name\":\"Az \u00d6kumenikus Seg\u00e9lyszervezet Ukrajn\u00e1ban\",\"description\":\"Az \u00d6kumenikus Seg\u00e9lyszervezet Ukrajn\u00e1ban\",\"publisher\":{\"@id\":\"https:\/\/ukraine.hia.hu\/hu\/#organization\"},\"potentialAction\":[{\"@type\":\"SearchAction\",\"target\":{\"@type\":\"EntryPoint\",\"urlTemplate\":\"https:\/\/ukraine.hia.hu\/hu\/?s={search_term_string}\"},\"query-input\":\"required name=search_term_string\"}],\"inLanguage\":\"hu\"},{\"@type\":\"Organization\",\"@id\":\"https:\/\/ukraine.hia.hu\/hu\/#organization\",\"name\":\"HIA Hungary\",\"url\":\"https:\/\/ukraine.hia.hu\/hu\/\",\"logo\":{\"@type\":\"ImageObject\",\"inLanguage\":\"hu\",\"@id\":\"https:\/\/ukraine.hia.hu\/hu\/#\/schema\/logo\/image\/\",\"url\":\"https:\/\/ukraine.hia.hu\/wp-content\/uploads\/footer_logo.png\",\"contentUrl\":\"https:\/\/ukraine.hia.hu\/wp-content\/uploads\/footer_logo.png\",\"width\":350,\"height\":427,\"caption\":\"HIA Hungary\"},\"image\":{\"@id\":\"https:\/\/ukraine.hia.hu\/hu\/#\/schema\/logo\/image\/\"}},{\"@type\":\"Person\",\"@id\":\"https:\/\/ukraine.hia.hu\/hu\/#\/schema\/person\/5618a1171741e8bbb81c8a76bfcdbfea\",\"name\":\"HIA\",\"image\":{\"@type\":\"ImageObject\",\"inLanguage\":\"hu\",\"@id\":\"https:\/\/ukraine.hia.hu\/hu\/#\/schema\/person\/image\/\",\"url\":\"https:\/\/secure.gravatar.com\/avatar\/0eb37bd0c23121a70100851bb2e0123c?s=96&d=mm&r=g\",\"contentUrl\":\"https:\/\/secure.gravatar.com\/avatar\/0eb37bd0c23121a70100851bb2e0123c?s=96&d=mm&r=g\",\"caption\":\"HIA\"},\"sameAs\":[\"http:\/\/www.hia.hu\"]}]}<\/script>\n<!-- \/ Yoast SEO plugin. -->","yoast_head_json":{"title":"L\u00e9tbiztons\u00e1g a tartal\u00e9kok fel\u00e9l\u00e9se ut\u00e1n | Az \u00d6kumenikus Seg\u00e9lyszervezet Ukrajn\u00e1ban","robots":{"index":"index","follow":"follow","max-snippet":"max-snippet:-1","max-image-preview":"max-image-preview:large","max-video-preview":"max-video-preview:-1"},"canonical":"https:\/\/ukraine.hia.hu\/hu\/letbiztonsag-a-tartalekok-felelese-utan\/","og_locale":"hu_HU","og_type":"article","og_title":"L\u00e9tbiztons\u00e1g a tartal\u00e9kok fel\u00e9l\u00e9se ut\u00e1n | Az \u00d6kumenikus Seg\u00e9lyszervezet Ukrajn\u00e1ban","og_description":"K\u00f6zel m\u00e1sf\u00e9l \u00e9ve zajlik a h\u00e1bor\u00fa Ukrajn\u00e1ban. Milli\u00f3k hagyt\u00e1k el az orsz\u00e1got \u2013 a menek\u00fclthull\u00e1m pedig Magyarorsz\u00e1got sem ker\u00fclte el, s\u0151t! Az elm\u00falt egy \u00e9v a haz\u00e1nkban \u00e9l\u0151 menek\u00fcltek t\u00edzezreit \u00e1ll\u00edtotta neh\u00e9z helyzetek sokas\u00e1ga el\u00e9, hiszen egy teljesen \u00faj k\u00f6rnyezetben kell helyt\u00e1llniuk \u00fagy, hogy a vil\u00e1gban sz\u00e9tsz\u00f3r\u00f3dott \u2013 vagy \u00e9ppen, hogy otthon maradt &#8211; szoci\u00e1lis...","og_url":"https:\/\/ukraine.hia.hu\/hu\/letbiztonsag-a-tartalekok-felelese-utan\/","og_site_name":"Az \u00d6kumenikus Seg\u00e9lyszervezet Ukrajn\u00e1ban","article_published_time":"2023-07-06T08:22:27+00:00","article_modified_time":"2023-07-06T08:33:15+00:00","og_image":[{"width":2560,"height":1707,"url":"https:\/\/ukraine.hia.hu\/wp-content\/uploads\/IMG_7644-scaled.jpg","type":"image\/jpeg"}],"author":"HIA","twitter_card":"summary_large_image","twitter_misc":{"Szerz\u0151:":"HIA","Becs\u00fclt olvas\u00e1si id\u0151":"6 perc"},"schema":{"@context":"https:\/\/schema.org","@graph":[{"@type":"Article","@id":"https:\/\/ukraine.hia.hu\/hu\/letbiztonsag-a-tartalekok-felelese-utan\/#article","isPartOf":{"@id":"https:\/\/ukraine.hia.hu\/hu\/letbiztonsag-a-tartalekok-felelese-utan\/"},"author":{"name":"HIA","@id":"https:\/\/ukraine.hia.hu\/hu\/#\/schema\/person\/5618a1171741e8bbb81c8a76bfcdbfea"},"headline":"L\u00e9tbiztons\u00e1g a tartal\u00e9kok fel\u00e9l\u00e9se ut\u00e1n","datePublished":"2023-07-06T08:22:27+00:00","dateModified":"2023-07-06T08:33:15+00:00","mainEntityOfPage":{"@id":"https:\/\/ukraine.hia.hu\/hu\/letbiztonsag-a-tartalekok-felelese-utan\/"},"wordCount":1441,"publisher":{"@id":"https:\/\/ukraine.hia.hu\/hu\/#organization"},"image":{"@id":"https:\/\/ukraine.hia.hu\/hu\/letbiztonsag-a-tartalekok-felelese-utan\/#primaryimage"},"thumbnailUrl":"https:\/\/ukraine.hia.hu\/wp-content\/uploads\/IMG_7644-scaled.jpg","keywords":["cash assistance","k\u00e9szp\u00e9nzes t\u00e1mogat\u00e1s","meg\u00e9lhet\u00e9s","menek\u00fcltek","menek\u00fcltell\u00e1t\u00e1s","UMTK","voucher"],"articleSection":["H\u00edrek"],"inLanguage":"hu"},{"@type":"WebPage","@id":"https:\/\/ukraine.hia.hu\/hu\/letbiztonsag-a-tartalekok-felelese-utan\/","url":"https:\/\/ukraine.hia.hu\/hu\/letbiztonsag-a-tartalekok-felelese-utan\/","name":"L\u00e9tbiztons\u00e1g a tartal\u00e9kok fel\u00e9l\u00e9se ut\u00e1n | Az \u00d6kumenikus Seg\u00e9lyszervezet Ukrajn\u00e1ban","isPartOf":{"@id":"https:\/\/ukraine.hia.hu\/hu\/#website"},"primaryImageOfPage":{"@id":"https:\/\/ukraine.hia.hu\/hu\/letbiztonsag-a-tartalekok-felelese-utan\/#primaryimage"},"image":{"@id":"https:\/\/ukraine.hia.hu\/hu\/letbiztonsag-a-tartalekok-felelese-utan\/#primaryimage"},"thumbnailUrl":"https:\/\/ukraine.hia.hu\/wp-content\/uploads\/IMG_7644-scaled.jpg","datePublished":"2023-07-06T08:22:27+00:00","dateModified":"2023-07-06T08:33:15+00:00","breadcrumb":{"@id":"https:\/\/ukraine.hia.hu\/hu\/letbiztonsag-a-tartalekok-felelese-utan\/#breadcrumb"},"inLanguage":"hu","potentialAction":[{"@type":"ReadAction","target":["https:\/\/ukraine.hia.hu\/hu\/letbiztonsag-a-tartalekok-felelese-utan\/"]}]},{"@type":"ImageObject","inLanguage":"hu","@id":"https:\/\/ukraine.hia.hu\/hu\/letbiztonsag-a-tartalekok-felelese-utan\/#primaryimage","url":"https:\/\/ukraine.hia.hu\/wp-content\/uploads\/IMG_7644-scaled.jpg","contentUrl":"https:\/\/ukraine.hia.hu\/wp-content\/uploads\/IMG_7644-scaled.jpg","width":2560,"height":1707},{"@type":"BreadcrumbList","@id":"https:\/\/ukraine.hia.hu\/hu\/letbiztonsag-a-tartalekok-felelese-utan\/#breadcrumb","itemListElement":[{"@type":"ListItem","position":1,"name":"Kezd\u0151lap","item":"https:\/\/ukraine.hia.hu\/hu\/"},{"@type":"ListItem","position":2,"name":"L\u00e9tbiztons\u00e1g a tartal\u00e9kok fel\u00e9l\u00e9se ut\u00e1n"}]},{"@type":"WebSite","@id":"https:\/\/ukraine.hia.hu\/hu\/#website","url":"https:\/\/ukraine.hia.hu\/hu\/","name":"Az \u00d6kumenikus Seg\u00e9lyszervezet Ukrajn\u00e1ban","description":"Az \u00d6kumenikus Seg\u00e9lyszervezet Ukrajn\u00e1ban","publisher":{"@id":"https:\/\/ukraine.hia.hu\/hu\/#organization"},"potentialAction":[{"@type":"SearchAction","target":{"@type":"EntryPoint","urlTemplate":"https:\/\/ukraine.hia.hu\/hu\/?s={search_term_string}"},"query-input":"required name=search_term_string"}],"inLanguage":"hu"},{"@type":"Organization","@id":"https:\/\/ukraine.hia.hu\/hu\/#organization","name":"HIA Hungary","url":"https:\/\/ukraine.hia.hu\/hu\/","logo":{"@type":"ImageObject","inLanguage":"hu","@id":"https:\/\/ukraine.hia.hu\/hu\/#\/schema\/logo\/image\/","url":"https:\/\/ukraine.hia.hu\/wp-content\/uploads\/footer_logo.png","contentUrl":"https:\/\/ukraine.hia.hu\/wp-content\/uploads\/footer_logo.png","width":350,"height":427,"caption":"HIA Hungary"},"image":{"@id":"https:\/\/ukraine.hia.hu\/hu\/#\/schema\/logo\/image\/"}},{"@type":"Person","@id":"https:\/\/ukraine.hia.hu\/hu\/#\/schema\/person\/5618a1171741e8bbb81c8a76bfcdbfea","name":"HIA","image":{"@type":"ImageObject","inLanguage":"hu","@id":"https:\/\/ukraine.hia.hu\/hu\/#\/schema\/person\/image\/","url":"https:\/\/secure.gravatar.com\/avatar\/0eb37bd0c23121a70100851bb2e0123c?s=96&d=mm&r=g","contentUrl":"https:\/\/secure.gravatar.com\/avatar\/0eb37bd0c23121a70100851bb2e0123c?s=96&d=mm&r=g","caption":"HIA"},"sameAs":["http:\/\/www.hia.hu"]}]}},"_links":{"self":[{"href":"https:\/\/ukraine.hia.hu\/hu\/wp-json\/wp\/v2\/posts\/7467"}],"collection":[{"href":"https:\/\/ukraine.hia.hu\/hu\/wp-json\/wp\/v2\/posts"}],"about":[{"href":"https:\/\/ukraine.hia.hu\/hu\/wp-json\/wp\/v2\/types\/post"}],"author":[{"embeddable":true,"href":"https:\/\/ukraine.hia.hu\/hu\/wp-json\/wp\/v2\/users\/1"}],"replies":[{"embeddable":true,"href":"https:\/\/ukraine.hia.hu\/hu\/wp-json\/wp\/v2\/comments?post=7467"}],"version-history":[{"count":7,"href":"https:\/\/ukraine.hia.hu\/hu\/wp-json\/wp\/v2\/posts\/7467\/revisions"}],"predecessor-version":[{"id":7493,"href":"https:\/\/ukraine.hia.hu\/hu\/wp-json\/wp\/v2\/posts\/7467\/revisions\/7493"}],"wp:featuredmedia":[{"embeddable":true,"href":"https:\/\/ukraine.hia.hu\/hu\/wp-json\/wp\/v2\/media\/7474"}],"wp:attachment":[{"href":"https:\/\/ukraine.hia.hu\/hu\/wp-json\/wp\/v2\/media?parent=7467"}],"wp:term":[{"taxonomy":"category","embeddable":true,"href":"https:\/\/ukraine.hia.hu\/hu\/wp-json\/wp\/v2\/categories?post=7467"},{"taxonomy":"post_tag","embeddable":true,"href":"https:\/\/ukraine.hia.hu\/hu\/wp-json\/wp\/v2\/tags?post=7467"}],"curies":[{"name":"wp","href":"https:\/\/api.w.org\/{rel}","templated":true}]}}